{"id":1601,"date":"2019-02-03T22:52:28","date_gmt":"2019-02-03T21:52:28","guid":{"rendered":"http:\/\/agora.xtec.cat\/esc-pericot\/?p=1601"},"modified":"2019-02-04T12:23:24","modified_gmt":"2019-02-04T11:23:24","slug":"el-dia-de-la-pau-al-educacio-infantil","status":"publish","type":"post","link":"https:\/\/agora.xtec.cat\/esc-pericot\/infantil\/el-dia-de-la-pau-al-educacio-infantil\/","title":{"rendered":"El DIA DE LA PAU a Educaci\u00f3 Infantil"},"content":{"rendered":"<p><span style=\"font-weight: 400;\"><a href=\"https:\/\/agora.xtec.cat\/esc-pericot\/wp-content\/uploads\/usu807\/2019\/02\/corb.png\"><img loading=\"lazy\" decoding=\"async\" class=\" wp-image-1603 alignleft\" src=\"https:\/\/agora.xtec.cat\/esc-pericot\/wp-content\/uploads\/usu807\/2019\/02\/corb.png\" alt=\"\" width=\"244\" height=\"263\" srcset=\"https:\/\/agora.xtec.cat\/esc-pericot\/wp-content\/uploads\/usu807\/2019\/02\/corb.png 524w, https:\/\/agora.xtec.cat\/esc-pericot\/wp-content\/uploads\/usu807\/2019\/02\/corb-278x300.png 278w\" sizes=\"auto, (max-width: 244px) 100vw, 244px\" \/><\/a>El dia 30 de gener, tots els nens i nenes del parvulari vam celebrar el dia de la Pau. Ens vam trobar a l\u2019aula de psicomotricitat i vam veure la representaci\u00f3<a href=\"https:\/\/agora.xtec.cat\/esc-pericot\/wp-content\/uploads\/usu807\/2019\/02\/ploma_amistat.png\"><img loading=\"lazy\" decoding=\"async\" class=\" wp-image-1604 alignright\" src=\"https:\/\/agora.xtec.cat\/esc-pericot\/wp-content\/uploads\/usu807\/2019\/02\/ploma_amistat.png\" alt=\"\" width=\"159\" height=\"252\" srcset=\"https:\/\/agora.xtec.cat\/esc-pericot\/wp-content\/uploads\/usu807\/2019\/02\/ploma_amistat.png 390w, https:\/\/agora.xtec.cat\/esc-pericot\/wp-content\/uploads\/usu807\/2019\/02\/ploma_amistat-189x300.png 189w\" sizes=\"auto, (max-width: 159px) 100vw, 159px\" \/><\/a> d\u2019un conte amb titelles. Ens van explicar el conte d\u2019 en \u201cCorb\u201d. Ens explica la hist\u00f2ria d\u2019un Corb negre com el carb\u00f3, tan negre que \u00a0fins i tot fa una mica de por. Qu\u00e8 podria fer per tal que els altres ocells no el defugin? En Corb pensa una soluci\u00f3, per\u00f2 el que succeir\u00e0 ser\u00e0 molt diferent del que ell havia pensat. <\/span><\/p>\n<p><span style=\"font-weight: 400;\">El conte ens ensenya a valorar les difer\u00e8ncies i el valor de l\u2019amistat. Despr\u00e9s hem ballat la \u201cCan\u00e7\u00f3 de la Felicitat\u201d. I abans de marxar ens hem emportat una ploma de l\u2019amistat.<\/span><\/p>\n","protected":false},"excerpt":{"rendered":"<p>El dia 30 de gener, tots els nens i nenes del parvulari vam celebrar el dia de la Pau. Ens vam trobar a l\u2019aula de psicomotricitat i vam veure la representaci\u00f3 d\u2019un conte amb titelles. Ens van explicar el conte d\u2019 en \u201cCorb\u201d. Ens explica la hist\u00f2ria d\u2019un Corb negre com el carb\u00f3, tan negre [&hellip;]<\/p>\n","protected":false},"author":1,"featured_media":1602,"comment_status":"open","ping_status":"closed","sticky":false,"template":"","format":"standard","meta":{"_bbp_topic_count":0,"_bbp_reply_count":0,"_bbp_total_topic_count":0,"_bbp_total_reply_count":0,"_bbp_voice_count":0,"_bbp_anonymous_reply_count":0,"_bbp_topic_count_hidden":0,"_bbp_reply_count_hidden":0,"_bbp_forum_subforum_count":0,"site-sidebar-layout":"default","site-content-layout":"","ast-site-content-layout":"","site-content-style":"default","site-sidebar-style":"default","ast-global-header-display":"","ast-banner-title-visibility":"","ast-main-header-display":"","ast-hfb-above-header-display":"","ast-hfb-below-header-display":"","ast-hfb-mobile-header-display":"","site-post-title":"","ast-breadcrumbs-content":"","ast-featured-img":"","footer-sml-layout":"","theme-transparent-header-meta":"","adv-header-id-meta":"","stick-header-meta":"","header-above-stick-meta":"","header-main-stick-meta":"","header-below-stick-meta":"","astra-migrate-meta-layouts":"default","ast-page-background-enabled":"default","ast-page-background-meta":{"desktop":{"background-color":"var(--ast-global-color-4)","background-image":"","background-repeat":"repeat","background-position":"center center","background-size":"auto","background-attachment":"scroll","background-type":"","background-media":"","overlay-type":"","overlay-color":"","overlay-opacity":"","overlay-gradient":""},"tablet":{"background-color":"","background-image":"","background-repeat":"repeat","background-position":"center center","background-size":"auto","background-attachment":"scroll","background-type":"","background-media":"","overlay-type":"","overlay-color":"","overlay-opacity":"","overlay-gradient":""},"mobile":{"background-color":"","background-image":"","background-repeat":"repeat","background-position":"center center","background-size":"auto","background-attachment":"scroll","background-type":"","background-media":"","overlay-type":"","overlay-color":"","overlay-opacity":"","overlay-gradient":""}},"ast-content-background-meta":{"desktop":{"background-color":"var(--ast-global-color-5)","background-image":"","background-repeat":"repeat","background-position":"center center","background-size":"auto","background-attachment":"scroll","background-type":"","background-media":"","overlay-type":"","overlay-color":"","overlay-opacity":"","overlay-gradient":""},"tablet":{"background-color":"var(--ast-global-color-5)","background-image":"","background-repeat":"repeat","background-position":"center center","background-size":"auto","background-attachment":"scroll","background-type":"","background-media":"","overlay-type":"","overlay-color":"","overlay-opacity":"","overlay-gradient":""},"mobile":{"background-color":"var(--ast-global-color-5)","background-image":"","background-repeat":"repeat","background-position":"center center","background-size":"auto","background-attachment":"scroll","background-type":"","background-media":"","overlay-type":"","overlay-color":"","overlay-opacity":"","overlay-gradient":""}},"footnotes":""},"categories":[2,4],"tags":[74,59,66,77],"class_list":["post-1601","post","type-post","status-publish","format-standard","has-post-thumbnail","hentry","category-infantil","category-portada","tag-cancons","tag-celebracions","tag-educacio-infantil","tag-llibres"],"post_mailing_queue_ids":[],"_links":{"self":[{"href":"https:\/\/agora.xtec.cat\/esc-pericot\/wp-json\/wp\/v2\/posts\/1601","targetHints":{"allow":["GET"]}}],"collection":[{"href":"https:\/\/agora.xtec.cat\/esc-pericot\/wp-json\/wp\/v2\/posts"}],"about":[{"href":"https:\/\/agora.xtec.cat\/esc-pericot\/wp-json\/wp\/v2\/types\/post"}],"author":[{"embeddable":true,"href":"https:\/\/agora.xtec.cat\/esc-pericot\/wp-json\/wp\/v2\/users\/1"}],"replies":[{"embeddable":true,"href":"https:\/\/agora.xtec.cat\/esc-pericot\/wp-json\/wp\/v2\/comments?post=1601"}],"version-history":[{"count":3,"href":"https:\/\/agora.xtec.cat\/esc-pericot\/wp-json\/wp\/v2\/posts\/1601\/revisions"}],"predecessor-version":[{"id":1608,"href":"https:\/\/agora.xtec.cat\/esc-pericot\/wp-json\/wp\/v2\/posts\/1601\/revisions\/1608"}],"wp:featuredmedia":[{"embeddable":true,"href":"https:\/\/agora.xtec.cat\/esc-pericot\/wp-json\/wp\/v2\/media\/1602"}],"wp:attachment":[{"href":"https:\/\/agora.xtec.cat\/esc-pericot\/wp-json\/wp\/v2\/media?parent=1601"}],"wp:term":[{"taxonomy":"category","embeddable":true,"href":"https:\/\/agora.xtec.cat\/esc-pericot\/wp-json\/wp\/v2\/categories?post=1601"},{"taxonomy":"post_tag","embeddable":true,"href":"https:\/\/agora.xtec.cat\/esc-pericot\/wp-json\/wp\/v2\/tags?post=1601"}],"curies":[{"name":"wp","href":"https:\/\/api.w.org\/{rel}","templated":true}]}}