{"id":1237,"date":"2018-11-12T22:01:04","date_gmt":"2018-11-12T21:01:04","guid":{"rendered":"http:\/\/agora.xtec.cat\/esc-pericot\/?p=1237"},"modified":"2018-11-19T23:12:25","modified_gmt":"2018-11-19T22:12:25","slug":"modern-odysseus","status":"publish","type":"post","link":"https:\/\/agora.xtec.cat\/esc-pericot\/portada\/modern-odysseus\/","title":{"rendered":"Comencem un nou projecte: &#8220;Modern Odysseus&#8221;"},"content":{"rendered":"<p style=\"text-align: justify;\"><span style=\"font-family: inherit; font-size: 1em; color: #222222;\">\u201cModern Odysseus in the arms of Europe\u201d (Odisseu modern en bra\u00e7os d\u2019Europa) \u00e9s un nou projecte europeu Erasmus+ que iniciem aquest curs\u00a0 2018-19 i que tindr\u00e0 una durada de dos anys. Aquest projecte, subvencionat amb fons de la Comunitat Europea, pret\u00e9n desenvolupar un seguit d\u2019activitats amb quatre escoles m\u00e9s de Gr\u00e8cia, Portugal, Let\u00f2nia i Cro\u00e0cia. Durant dos cursos ens endinsarem en el periple del llegendari Ulisses (Odisseu) per situar-nos en la seva \u00e8poca i con\u00e8ixer les seves\u00a0<\/span> aventures des que va abandonar Troia fins arribar a la seva enyorada \u00cdtaca.<a href=\"https:\/\/agora.xtec.cat\/esc-pericot\/wp-content\/uploads\/usu807\/2018\/11\/9788423686841.jpg\"><img loading=\"lazy\" decoding=\"async\" class=\"wp-image-1229 alignleft\" src=\"https:\/\/agora.xtec.cat\/esc-pericot\/wp-content\/uploads\/usu807\/2018\/11\/9788423686841.jpg\" alt=\"\" width=\"140\" height=\"179\" srcset=\"https:\/\/agora.xtec.cat\/esc-pericot\/wp-content\/uploads\/usu807\/2018\/11\/9788423686841.jpg 700w, https:\/\/agora.xtec.cat\/esc-pericot\/wp-content\/uploads\/usu807\/2018\/11\/9788423686841-235x300.jpg 235w\" sizes=\"auto, (max-width: 140px) 100vw, 140px\" \/><\/a><\/p>\n<p style=\"text-align: justify;\">Aquest anar d\u2019una banda a l\u2019altra, que marc\u00e0 el retorn d\u2019Odisseu, l\u2019anirem enlla\u00e7ant amb la hist\u00f2ria de la nostra mar Mediterr\u00e0nia i els constants despla\u00e7aments de poblaci\u00f3 que hi ha hagut des de sempre fins ara mateix.<br \/>\nLa idea ha sorgit, com no, d\u2019una escola de Katerini (prop de Tessal\u00f2nica), als peus del mateix<img loading=\"lazy\" decoding=\"async\" class=\"wp-image-1230 alignright\" src=\"https:\/\/agora.xtec.cat\/esc-pericot\/wp-content\/uploads\/usu807\/2018\/11\/114387655.jpg\" alt=\"\" width=\"152\" height=\"206\" srcset=\"https:\/\/agora.xtec.cat\/esc-pericot\/wp-content\/uploads\/usu807\/2018\/11\/114387655.jpg 720w, https:\/\/agora.xtec.cat\/esc-pericot\/wp-content\/uploads\/usu807\/2018\/11\/114387655-222x300.jpg 222w\" sizes=\"auto, (max-width: 152px) 100vw, 152px\" \/>\u00a0mont Olimp, d\u2019on s\u00f3n els coordinadors del projecte. Partirem doncs de l\u2019heroi Ulisses, s\u00edmbol del viatge sense fi a la recerca de noves rutes i descobrint noves cultures, i a la vegada sempre sense oblidar els seus or\u00edgens.<br \/>\nAmb el projecte \u201cModern Odysseus in the arms of Europe\u201d intentarem reafirmar la nostra identitat europea en un multicultural Europa en constant canvi, integrant els \u2018Odisseus moderns\u2019 de la historia europea per situar-los en la nostra consci\u00e8ncia hist\u00f2rica i cultural.<\/p>\n<p><a href=\"https:\/\/agora.xtec.cat\/esc-pericot\/wp-content\/uploads\/usu807\/2018\/11\/odyssey-interactive-map.png\"><img loading=\"lazy\" decoding=\"async\" class=\"alignnone wp-image-1232\" src=\"https:\/\/agora.xtec.cat\/esc-pericot\/wp-content\/uploads\/usu807\/2018\/11\/odyssey-interactive-map-1024x415.png\" alt=\"\" width=\"296\" height=\"120\" srcset=\"https:\/\/agora.xtec.cat\/esc-pericot\/wp-content\/uploads\/usu807\/2018\/11\/odyssey-interactive-map-1024x415.png 1024w, https:\/\/agora.xtec.cat\/esc-pericot\/wp-content\/uploads\/usu807\/2018\/11\/odyssey-interactive-map-300x121.png 300w, https:\/\/agora.xtec.cat\/esc-pericot\/wp-content\/uploads\/usu807\/2018\/11\/odyssey-interactive-map-768x311.png 768w, https:\/\/agora.xtec.cat\/esc-pericot\/wp-content\/uploads\/usu807\/2018\/11\/odyssey-interactive-map.png 1198w\" sizes=\"auto, (max-width: 296px) 100vw, 296px\" \/><\/a><\/p>\n","protected":false},"excerpt":{"rendered":"<p>\u201cModern Odysseus in the arms of Europe\u201d (Odisseu modern en bra\u00e7os d\u2019Europa) \u00e9s un nou projecte europeu Erasmus+ que iniciem aquest curs\u00a0 2018-19 i que tindr\u00e0 una durada de dos anys. Aquest projecte, subvencionat amb fons de la Comunitat Europea, pret\u00e9n desenvolupar un seguit d\u2019activitats amb quatre escoles m\u00e9s de Gr\u00e8cia, Portugal, Let\u00f2nia i Cro\u00e0cia. [&hellip;]<\/p>\n","protected":false},"author":1,"featured_media":1238,"comment_status":"open","ping_status":"closed","sticky":false,"template":"","format":"standard","meta":{"_bbp_topic_count":0,"_bbp_reply_count":0,"_bbp_total_topic_count":0,"_bbp_total_reply_count":0,"_bbp_voice_count":0,"_bbp_anonymous_reply_count":0,"_bbp_topic_count_hidden":0,"_bbp_reply_count_hidden":0,"_bbp_forum_subforum_count":0,"site-sidebar-layout":"default","site-content-layout":"","ast-site-content-layout":"","site-content-style":"default","site-sidebar-style":"default","ast-global-header-display":"","ast-banner-title-visibility":"","ast-main-header-display":"","ast-hfb-above-header-display":"","ast-hfb-below-header-display":"","ast-hfb-mobile-header-display":"","site-post-title":"","ast-breadcrumbs-content":"","ast-featured-img":"","footer-sml-layout":"","theme-transparent-header-meta":"","adv-header-id-meta":"","stick-header-meta":"","header-above-stick-meta":"","header-main-stick-meta":"","header-below-stick-meta":"","astra-migrate-meta-layouts":"default","ast-page-background-enabled":"default","ast-page-background-meta":{"desktop":{"background-color":"var(--ast-global-color-4)","background-image":"","background-repeat":"repeat","background-position":"center center","background-size":"auto","background-attachment":"scroll","background-type":"","background-media":"","overlay-type":"","overlay-color":"","overlay-opacity":"","overlay-gradient":""},"tablet":{"background-color":"","background-image":"","background-repeat":"repeat","background-position":"center center","background-size":"auto","background-attachment":"scroll","background-type":"","background-media":"","overlay-type":"","overlay-color":"","overlay-opacity":"","overlay-gradient":""},"mobile":{"background-color":"","background-image":"","background-repeat":"repeat","background-position":"center center","background-size":"auto","background-attachment":"scroll","background-type":"","background-media":"","overlay-type":"","overlay-color":"","overlay-opacity":"","overlay-gradient":""}},"ast-content-background-meta":{"desktop":{"background-color":"var(--ast-global-color-5)","background-image":"","background-repeat":"repeat","background-position":"center center","background-size":"auto","background-attachment":"scroll","background-type":"","background-media":"","overlay-type":"","overlay-color":"","overlay-opacity":"","overlay-gradient":""},"tablet":{"background-color":"var(--ast-global-color-5)","background-image":"","background-repeat":"repeat","background-position":"center center","background-size":"auto","background-attachment":"scroll","background-type":"","background-media":"","overlay-type":"","overlay-color":"","overlay-opacity":"","overlay-gradient":""},"mobile":{"background-color":"var(--ast-global-color-5)","background-image":"","background-repeat":"repeat","background-position":"center center","background-size":"auto","background-attachment":"scroll","background-type":"","background-media":"","overlay-type":"","overlay-color":"","overlay-opacity":"","overlay-gradient":""}},"footnotes":""},"categories":[72,81,4],"tags":[76,29],"class_list":["post-1237","post","type-post","status-publish","format-standard","has-post-thumbnail","hentry","category-erasmus","category-odysseus","category-portada","tag-erasmus","tag-projectes"],"post_mailing_queue_ids":[],"_links":{"self":[{"href":"https:\/\/agora.xtec.cat\/esc-pericot\/wp-json\/wp\/v2\/posts\/1237","targetHints":{"allow":["GET"]}}],"collection":[{"href":"https:\/\/agora.xtec.cat\/esc-pericot\/wp-json\/wp\/v2\/posts"}],"about":[{"href":"https:\/\/agora.xtec.cat\/esc-pericot\/wp-json\/wp\/v2\/types\/post"}],"author":[{"embeddable":true,"href":"https:\/\/agora.xtec.cat\/esc-pericot\/wp-json\/wp\/v2\/users\/1"}],"replies":[{"embeddable":true,"href":"https:\/\/agora.xtec.cat\/esc-pericot\/wp-json\/wp\/v2\/comments?post=1237"}],"version-history":[{"count":3,"href":"https:\/\/agora.xtec.cat\/esc-pericot\/wp-json\/wp\/v2\/posts\/1237\/revisions"}],"predecessor-version":[{"id":1273,"href":"https:\/\/agora.xtec.cat\/esc-pericot\/wp-json\/wp\/v2\/posts\/1237\/revisions\/1273"}],"wp:featuredmedia":[{"embeddable":true,"href":"https:\/\/agora.xtec.cat\/esc-pericot\/wp-json\/wp\/v2\/media\/1238"}],"wp:attachment":[{"href":"https:\/\/agora.xtec.cat\/esc-pericot\/wp-json\/wp\/v2\/media?parent=1237"}],"wp:term":[{"taxonomy":"category","embeddable":true,"href":"https:\/\/agora.xtec.cat\/esc-pericot\/wp-json\/wp\/v2\/categories?post=1237"},{"taxonomy":"post_tag","embeddable":true,"href":"https:\/\/agora.xtec.cat\/esc-pericot\/wp-json\/wp\/v2\/tags?post=1237"}],"curies":[{"name":"wp","href":"https:\/\/api.w.org\/{rel}","templated":true}]}}