{"id":12181,"date":"2026-04-27T13:18:35","date_gmt":"2026-04-27T11:18:35","guid":{"rendered":"https:\/\/agora.xtec.cat\/esc-pericot\/?p=12181"},"modified":"2026-04-27T13:18:37","modified_gmt":"2026-04-27T11:18:37","slug":"sant-jordi-al-pericot","status":"publish","type":"post","link":"https:\/\/agora.xtec.cat\/esc-pericot\/portada\/sant-jordi-al-pericot\/","title":{"rendered":"Sant Jordi al Pericot!"},"content":{"rendered":"\n<p>El passat dia 23 d\u2019abril vam celebrar la diada de Sant Jordi a l\u2019escola Pericot amb tots els alumnes de prim\u00e0ria, en un ambient ple d\u2019il\u00b7lusi\u00f3 i emoci\u00f3. Ens vam reunir al gimn\u00e0s per compartir una tarda molt especial dedicada a la llengua, la cultura i l\u2019expressi\u00f3 oral.<\/p>\n\n\n\n<p>Durant l\u2019acte, es van lliurar els premis dels Jocs Florals, reconeixent la creativitat i l\u2019esfor\u00e7 dels nostres alumnes en l\u2019escriptura. Tamb\u00e9 vam fer entrega dels diplomes del concurs d\u2019orat\u00f2ria de prim\u00e0ria, on els nens i nenes van demostrar les seves habilitats comunicatives, expressant-se amb seguretat i entusiasme davant del p\u00fablic.<\/p>\n\n\n\n<p>Va ser una gran tarda que posa en valor el talent i la participaci\u00f3 de tot l\u2019alumnat. Sens dubte, una celebraci\u00f3 que ens anima a continuar fomentant l\u2019amor per la llengua i la cultura a la nostra escola.<\/p>\n\n\n\n<figure class=\"wp-block-image size-full is-style-default\"><img loading=\"lazy\" decoding=\"async\" width=\"800\" height=\"533\" src=\"https:\/\/agora.xtec.cat\/esc-pericot\/wp-content\/uploads\/usu807\/2026\/04\/Diada.png\" alt=\"\" class=\"wp-image-12180\" srcset=\"https:\/\/agora.xtec.cat\/esc-pericot\/wp-content\/uploads\/usu807\/2026\/04\/Diada.png 800w, https:\/\/agora.xtec.cat\/esc-pericot\/wp-content\/uploads\/usu807\/2026\/04\/Diada-300x200.png 300w, https:\/\/agora.xtec.cat\/esc-pericot\/wp-content\/uploads\/usu807\/2026\/04\/Diada-768x512.png 768w\" sizes=\"auto, (max-width: 800px) 100vw, 800px\" \/><\/figure>\n","protected":false},"excerpt":{"rendered":"<p>El passat dia 23 d\u2019abril vam celebrar la diada de Sant Jordi a l\u2019escola Pericot amb tots els alumnes de prim\u00e0ria, en un ambient ple d\u2019il\u00b7lusi\u00f3 i emoci\u00f3. Ens vam reunir al gimn\u00e0s per compartir una tarda molt especial dedicada a la llengua, la cultura i l\u2019expressi\u00f3 oral. Durant l\u2019acte, es van lliurar els premis [&hellip;]<\/p>\n","protected":false},"author":1,"featured_media":12180,"comment_status":"open","ping_status":"open","sticky":false,"template":"","format":"standard","meta":{"_bbp_topic_count":0,"_bbp_reply_count":0,"_bbp_total_topic_count":0,"_bbp_total_reply_count":0,"_bbp_voice_count":0,"_bbp_anonymous_reply_count":0,"_bbp_topic_count_hidden":0,"_bbp_reply_count_hidden":0,"_bbp_forum_subforum_count":0,"site-sidebar-layout":"default","site-content-layout":"","ast-site-content-layout":"default","site-content-style":"default","site-sidebar-style":"default","ast-global-header-display":"","ast-banner-title-visibility":"","ast-main-header-display":"","ast-hfb-above-header-display":"","ast-hfb-below-header-display":"","ast-hfb-mobile-header-display":"","site-post-title":"","ast-breadcrumbs-content":"","ast-featured-img":"","footer-sml-layout":"","theme-transparent-header-meta":"","adv-header-id-meta":"","stick-header-meta":"","header-above-stick-meta":"","header-main-stick-meta":"","header-below-stick-meta":"","astra-migrate-meta-layouts":"set","ast-page-background-enabled":"default","ast-page-background-meta":{"desktop":{"background-color":"var(--ast-global-color-4)","background-image":"","background-repeat":"repeat","background-position":"center center","background-size":"auto","background-attachment":"scroll","background-type":"","background-media":"","overlay-type":"","overlay-color":"","overlay-opacity":"","overlay-gradient":""},"tablet":{"background-color":"","background-image":"","background-repeat":"repeat","background-position":"center center","background-size":"auto","background-attachment":"scroll","background-type":"","background-media":"","overlay-type":"","overlay-color":"","overlay-opacity":"","overlay-gradient":""},"mobile":{"background-color":"","background-image":"","background-repeat":"repeat","background-position":"center center","background-size":"auto","background-attachment":"scroll","background-type":"","background-media":"","overlay-type":"","overlay-color":"","overlay-opacity":"","overlay-gradient":""}},"ast-content-background-meta":{"desktop":{"background-color":"var(--ast-global-color-5)","background-image":"","background-repeat":"repeat","background-position":"center center","background-size":"auto","background-attachment":"scroll","background-type":"","background-media":"","overlay-type":"","overlay-color":"","overlay-opacity":"","overlay-gradient":""},"tablet":{"background-color":"var(--ast-global-color-5)","background-image":"","background-repeat":"repeat","background-position":"center center","background-size":"auto","background-attachment":"scroll","background-type":"","background-media":"","overlay-type":"","overlay-color":"","overlay-opacity":"","overlay-gradient":""},"mobile":{"background-color":"var(--ast-global-color-5)","background-image":"","background-repeat":"repeat","background-position":"center center","background-size":"auto","background-attachment":"scroll","background-type":"","background-media":"","overlay-type":"","overlay-color":"","overlay-opacity":"","overlay-gradient":""}},"footnotes":""},"categories":[4],"tags":[22,26,27],"class_list":["post-12181","post","type-post","status-publish","format-standard","has-post-thumbnail","hentry","category-portada","tag-escola","tag-festes","tag-sant-jordi"],"post_mailing_queue_ids":[],"_links":{"self":[{"href":"https:\/\/agora.xtec.cat\/esc-pericot\/wp-json\/wp\/v2\/posts\/12181","targetHints":{"allow":["GET"]}}],"collection":[{"href":"https:\/\/agora.xtec.cat\/esc-pericot\/wp-json\/wp\/v2\/posts"}],"about":[{"href":"https:\/\/agora.xtec.cat\/esc-pericot\/wp-json\/wp\/v2\/types\/post"}],"author":[{"embeddable":true,"href":"https:\/\/agora.xtec.cat\/esc-pericot\/wp-json\/wp\/v2\/users\/1"}],"replies":[{"embeddable":true,"href":"https:\/\/agora.xtec.cat\/esc-pericot\/wp-json\/wp\/v2\/comments?post=12181"}],"version-history":[{"count":1,"href":"https:\/\/agora.xtec.cat\/esc-pericot\/wp-json\/wp\/v2\/posts\/12181\/revisions"}],"predecessor-version":[{"id":12183,"href":"https:\/\/agora.xtec.cat\/esc-pericot\/wp-json\/wp\/v2\/posts\/12181\/revisions\/12183"}],"wp:featuredmedia":[{"embeddable":true,"href":"https:\/\/agora.xtec.cat\/esc-pericot\/wp-json\/wp\/v2\/media\/12180"}],"wp:attachment":[{"href":"https:\/\/agora.xtec.cat\/esc-pericot\/wp-json\/wp\/v2\/media?parent=12181"}],"wp:term":[{"taxonomy":"category","embeddable":true,"href":"https:\/\/agora.xtec.cat\/esc-pericot\/wp-json\/wp\/v2\/categories?post=12181"},{"taxonomy":"post_tag","embeddable":true,"href":"https:\/\/agora.xtec.cat\/esc-pericot\/wp-json\/wp\/v2\/tags?post=12181"}],"curies":[{"name":"wp","href":"https:\/\/api.w.org\/{rel}","templated":true}]}}