{"id":12006,"date":"2026-02-23T19:32:34","date_gmt":"2026-02-23T18:32:34","guid":{"rendered":"https:\/\/agora.xtec.cat\/esc-pericot\/?p=12006"},"modified":"2026-02-23T19:32:34","modified_gmt":"2026-02-23T18:32:34","slug":"celebrem-el-carnestoltes-2","status":"publish","type":"post","link":"https:\/\/agora.xtec.cat\/esc-pericot\/portada\/celebrem-el-carnestoltes-2\/","title":{"rendered":"Celebrem el carnestoltes"},"content":{"rendered":"\n<p>El passat divendres 20 de febrer vam celebrar el Carnestoltes a l\u2019Escola Pericot amb una jornada plena d\u2019alegria, creativitat i molta participaci\u00f3. Tot l\u2019alumnat que ho va voler va venir disfressat, omplint l\u2019escola de colors, imaginaci\u00f3 i bon ambient.<\/p>\n\n\n\n<p>A la tarda vam gaudir d\u2019una festa conjunta molt especial. Enguany, la celebraci\u00f3 va ser una mica diferent, ja que vam comptar amb la participaci\u00f3 de la Colla Gegantona, que va fer encara m\u00e9s llu\u00efda la jornada.<\/p>\n\n\n\n<p>Els infants d\u2019I4 i d\u2019I5 van aprofitar l\u2019ocasi\u00f3 per presentar el producte final dels projectes que han estat treballant durant les darreres setmanes.<\/p>\n\n\n\n<ul class=\"wp-block-list\">\n<li>L\u2019alumnat d\u2019I4 va presentar els dos capgrossos que han creat per a la Colla Gegantona: en Rino i en Mut, fruit d\u2019un treball ple d\u2019esfor\u00e7 i il\u00b7lusi\u00f3.<\/li>\n\n\n\n<li>Els nens i nenes d\u2019I5 van presentar la can\u00e7\u00f3 i el ball que han inventat per a la Periganta i en Pericot, demostrant la seva creativitat i entusiasme.<\/li>\n<\/ul>\n\n\n\n<p>Va ser una tarda molt especial que ens va permetre compartir aprenentatges, refor\u00e7ar el sentiment de comunitat i celebrar plegats una de les festes m\u00e9s esperades del curs.<\/p>\n\n\n\n<figure class=\"wp-block-gallery has-nested-images columns-default is-cropped wp-block-gallery-1 is-layout-flex wp-block-gallery-is-layout-flex\">\n<figure class=\"wp-block-image size-large\"><img loading=\"lazy\" decoding=\"async\" width=\"1024\" height=\"768\" data-id=\"12010\" src=\"https:\/\/agora.xtec.cat\/esc-pericot\/wp-content\/uploads\/usu807\/2026\/02\/20260220_153441-1-1024x768.jpg\" alt=\"\" class=\"wp-image-12010\" srcset=\"https:\/\/agora.xtec.cat\/esc-pericot\/wp-content\/uploads\/usu807\/2026\/02\/20260220_153441-1-1024x768.jpg 1024w, https:\/\/agora.xtec.cat\/esc-pericot\/wp-content\/uploads\/usu807\/2026\/02\/20260220_153441-1-300x225.jpg 300w, https:\/\/agora.xtec.cat\/esc-pericot\/wp-content\/uploads\/usu807\/2026\/02\/20260220_153441-1-768x576.jpg 768w, https:\/\/agora.xtec.cat\/esc-pericot\/wp-content\/uploads\/usu807\/2026\/02\/20260220_153441-1-1536x1152.jpg 1536w, https:\/\/agora.xtec.cat\/esc-pericot\/wp-content\/uploads\/usu807\/2026\/02\/20260220_153441-1-2048x1536.jpg 2048w\" sizes=\"auto, (max-width: 1024px) 100vw, 1024px\" \/><\/figure>\n\n\n\n<figure class=\"wp-block-image size-large\"><img loading=\"lazy\" decoding=\"async\" width=\"1024\" height=\"768\" data-id=\"12009\" src=\"https:\/\/agora.xtec.cat\/esc-pericot\/wp-content\/uploads\/usu807\/2026\/02\/20260220_154146-1-1024x768.jpg\" alt=\"\" class=\"wp-image-12009\" srcset=\"https:\/\/agora.xtec.cat\/esc-pericot\/wp-content\/uploads\/usu807\/2026\/02\/20260220_154146-1-1024x768.jpg 1024w, https:\/\/agora.xtec.cat\/esc-pericot\/wp-content\/uploads\/usu807\/2026\/02\/20260220_154146-1-300x225.jpg 300w, https:\/\/agora.xtec.cat\/esc-pericot\/wp-content\/uploads\/usu807\/2026\/02\/20260220_154146-1-768x576.jpg 768w, https:\/\/agora.xtec.cat\/esc-pericot\/wp-content\/uploads\/usu807\/2026\/02\/20260220_154146-1-1536x1152.jpg 1536w, https:\/\/agora.xtec.cat\/esc-pericot\/wp-content\/uploads\/usu807\/2026\/02\/20260220_154146-1-2048x1536.jpg 2048w\" sizes=\"auto, (max-width: 1024px) 100vw, 1024px\" \/><\/figure>\n<\/figure>\n\n\n\n<p><\/p>\n","protected":false},"excerpt":{"rendered":"<p>El passat divendres 20 de febrer vam celebrar el Carnestoltes a l\u2019Escola Pericot amb una jornada plena d\u2019alegria, creativitat i molta participaci\u00f3. Tot l\u2019alumnat que ho va voler va venir disfressat, omplint l\u2019escola de colors, imaginaci\u00f3 i bon ambient. A la tarda vam gaudir d\u2019una festa conjunta molt especial. Enguany, la celebraci\u00f3 va ser una [&hellip;]<\/p>\n","protected":false},"author":1,"featured_media":12007,"comment_status":"open","ping_status":"open","sticky":false,"template":"","format":"standard","meta":{"_bbp_topic_count":0,"_bbp_reply_count":0,"_bbp_total_topic_count":0,"_bbp_total_reply_count":0,"_bbp_voice_count":0,"_bbp_anonymous_reply_count":0,"_bbp_topic_count_hidden":0,"_bbp_reply_count_hidden":0,"_bbp_forum_subforum_count":0,"site-sidebar-layout":"default","site-content-layout":"","ast-site-content-layout":"default","site-content-style":"default","site-sidebar-style":"default","ast-global-header-display":"","ast-banner-title-visibility":"","ast-main-header-display":"","ast-hfb-above-header-display":"","ast-hfb-below-header-display":"","ast-hfb-mobile-header-display":"","site-post-title":"","ast-breadcrumbs-content":"","ast-featured-img":"","footer-sml-layout":"","theme-transparent-header-meta":"","adv-header-id-meta":"","stick-header-meta":"","header-above-stick-meta":"","header-main-stick-meta":"","header-below-stick-meta":"","astra-migrate-meta-layouts":"set","ast-page-background-enabled":"default","ast-page-background-meta":{"desktop":{"background-color":"var(--ast-global-color-4)","background-image":"","background-repeat":"repeat","background-position":"center center","background-size":"auto","background-attachment":"scroll","background-type":"","background-media":"","overlay-type":"","overlay-color":"","overlay-opacity":"","overlay-gradient":""},"tablet":{"background-color":"","background-image":"","background-repeat":"repeat","background-position":"center center","background-size":"auto","background-attachment":"scroll","background-type":"","background-media":"","overlay-type":"","overlay-color":"","overlay-opacity":"","overlay-gradient":""},"mobile":{"background-color":"","background-image":"","background-repeat":"repeat","background-position":"center center","background-size":"auto","background-attachment":"scroll","background-type":"","background-media":"","overlay-type":"","overlay-color":"","overlay-opacity":"","overlay-gradient":""}},"ast-content-background-meta":{"desktop":{"background-color":"var(--ast-global-color-5)","background-image":"","background-repeat":"repeat","background-position":"center center","background-size":"auto","background-attachment":"scroll","background-type":"","background-media":"","overlay-type":"","overlay-color":"","overlay-opacity":"","overlay-gradient":""},"tablet":{"background-color":"var(--ast-global-color-5)","background-image":"","background-repeat":"repeat","background-position":"center center","background-size":"auto","background-attachment":"scroll","background-type":"","background-media":"","overlay-type":"","overlay-color":"","overlay-opacity":"","overlay-gradient":""},"mobile":{"background-color":"var(--ast-global-color-5)","background-image":"","background-repeat":"repeat","background-position":"center center","background-size":"auto","background-attachment":"scroll","background-type":"","background-media":"","overlay-type":"","overlay-color":"","overlay-opacity":"","overlay-gradient":""}},"footnotes":""},"categories":[4],"tags":[318,401,66,22,26,30,29],"class_list":["post-12006","post","type-post","status-publish","format-standard","has-post-thumbnail","hentry","category-portada","tag-carnaval","tag-colla-gegantona","tag-educacio-infantil","tag-escola","tag-festes","tag-primaria","tag-projectes"],"post_mailing_queue_ids":[],"_links":{"self":[{"href":"https:\/\/agora.xtec.cat\/esc-pericot\/wp-json\/wp\/v2\/posts\/12006","targetHints":{"allow":["GET"]}}],"collection":[{"href":"https:\/\/agora.xtec.cat\/esc-pericot\/wp-json\/wp\/v2\/posts"}],"about":[{"href":"https:\/\/agora.xtec.cat\/esc-pericot\/wp-json\/wp\/v2\/types\/post"}],"author":[{"embeddable":true,"href":"https:\/\/agora.xtec.cat\/esc-pericot\/wp-json\/wp\/v2\/users\/1"}],"replies":[{"embeddable":true,"href":"https:\/\/agora.xtec.cat\/esc-pericot\/wp-json\/wp\/v2\/comments?post=12006"}],"version-history":[{"count":1,"href":"https:\/\/agora.xtec.cat\/esc-pericot\/wp-json\/wp\/v2\/posts\/12006\/revisions"}],"predecessor-version":[{"id":12011,"href":"https:\/\/agora.xtec.cat\/esc-pericot\/wp-json\/wp\/v2\/posts\/12006\/revisions\/12011"}],"wp:featuredmedia":[{"embeddable":true,"href":"https:\/\/agora.xtec.cat\/esc-pericot\/wp-json\/wp\/v2\/media\/12007"}],"wp:attachment":[{"href":"https:\/\/agora.xtec.cat\/esc-pericot\/wp-json\/wp\/v2\/media?parent=12006"}],"wp:term":[{"taxonomy":"category","embeddable":true,"href":"https:\/\/agora.xtec.cat\/esc-pericot\/wp-json\/wp\/v2\/categories?post=12006"},{"taxonomy":"post_tag","embeddable":true,"href":"https:\/\/agora.xtec.cat\/esc-pericot\/wp-json\/wp\/v2\/tags?post=12006"}],"curies":[{"name":"wp","href":"https:\/\/api.w.org\/{rel}","templated":true}]}}