{"id":11953,"date":"2026-02-12T11:06:56","date_gmt":"2026-02-12T10:06:56","guid":{"rendered":"https:\/\/agora.xtec.cat\/esc-pericot\/?p=11953"},"modified":"2026-02-12T11:56:12","modified_gmt":"2026-02-12T10:56:12","slug":"lescola-sadhereix-a-la-vaga-dels-docents","status":"publish","type":"post","link":"https:\/\/agora.xtec.cat\/esc-pericot\/portada\/lescola-sadhereix-a-la-vaga-dels-docents\/","title":{"rendered":"L&#8217;escola s&#8217;adhereix a la vaga dels docents"},"content":{"rendered":"\n<div class=\"wp-block-columns is-layout-flex wp-container-core-columns-is-layout-1 wp-block-columns-is-layout-flex\">\n<div class=\"wp-block-column is-layout-flow wp-block-column-is-layout-flow\" style=\"flex-basis:33.33%\">\n<figure class=\"wp-block-image size-full\"><img loading=\"lazy\" decoding=\"async\" width=\"1024\" height=\"683\" src=\"https:\/\/agora.xtec.cat\/esc-pericot\/wp-content\/uploads\/usu807\/2026\/02\/imatge-vaga11F2026.-vilaweb.jpeg\" alt=\"\" class=\"wp-image-11954\" srcset=\"https:\/\/agora.xtec.cat\/esc-pericot\/wp-content\/uploads\/usu807\/2026\/02\/imatge-vaga11F2026.-vilaweb.jpeg 1024w, https:\/\/agora.xtec.cat\/esc-pericot\/wp-content\/uploads\/usu807\/2026\/02\/imatge-vaga11F2026.-vilaweb-300x200.jpeg 300w, https:\/\/agora.xtec.cat\/esc-pericot\/wp-content\/uploads\/usu807\/2026\/02\/imatge-vaga11F2026.-vilaweb-768x512.jpeg 768w\" sizes=\"auto, (max-width: 1024px) 100vw, 1024px\" \/><figcaption class=\"wp-element-caption\">Professors i docents assisteixen a la manifestaci\u00f3 d&#8217;educaci\u00f3 davant la Delegaci\u00f3 del Govern a Girona. (fotografia: ACN \/ Aleix Freixas). Vilaweb<\/figcaption><\/figure>\n<\/div>\n\n\n\n<div class=\"wp-block-column is-layout-flow wp-block-column-is-layout-flow\" style=\"flex-basis:66.66%\">\n<p>Ahir, dia 11 de febrer del 2026, el claustre de l&#8217;escola es va sumar a la jornada de vaga. Les nostres reivindicacions neixen del comprom\u00eds amb la nostra tasca i van molt m\u00e9s enll\u00e0 d\u2019un sou digne. En el dia a dia de les aules, mestres i alumnes convivim amb realitats i necessitats molt diverses que, sovint, ens sobrepassen per la manca de mitjans.<\/p>\n\n\n\n<p>El nostre objectiu \u00e9s clar: <strong>garantir la qualitat de l\u2019educaci\u00f3<\/strong> que reben els nostres infants. Per fer-ho possible, reclamem:<\/p>\n\n\n\n<ul class=\"wp-block-list\">\n<li><em>Inclusi\u00f3 a les aules amb recursos humans reals.<\/em><\/li>\n\n\n\n<li><em>M\u00e9s temps i recursos per atendre l\u2019alumnat.<\/em><\/li>\n\n\n\n<li><em>Reduir les r\u00e0tios a les aules per poder atendre els infants com es mereixen.<\/em><\/li>\n\n\n\n<li><em>Millors condicions per a l\u2019ensenyament, que permetin preparar activitats, materials i projectes educatius amb m\u00e9s cura.<\/em><\/li>\n\n\n\n<li><em>Salari digne, millorant les condicions actuals.<\/em><\/li>\n<\/ul>\n<\/div>\n<\/div>\n\n\n\n<p>Durant tot dia, el centre va complir amb els serveis m\u00ednims establerts per l&#8217;administraci\u00f3.\u00a0<\/p>\n\n\n\n<p>Gr\u00e0cies pel vostre suport<\/p>\n","protected":false},"excerpt":{"rendered":"<p>Ahir, dia 11 de febrer del 2026, el claustre de l&#8217;escola es va sumar a la jornada de vaga. Les nostres reivindicacions neixen del comprom\u00eds amb la nostra tasca i van molt m\u00e9s enll\u00e0 d\u2019un sou digne. En el dia a dia de les aules, mestres i alumnes convivim amb realitats i necessitats molt diverses [&hellip;]<\/p>\n","protected":false},"author":1,"featured_media":11959,"comment_status":"open","ping_status":"open","sticky":false,"template":"","format":"standard","meta":{"_bbp_topic_count":0,"_bbp_reply_count":0,"_bbp_total_topic_count":0,"_bbp_total_reply_count":0,"_bbp_voice_count":0,"_bbp_anonymous_reply_count":0,"_bbp_topic_count_hidden":0,"_bbp_reply_count_hidden":0,"_bbp_forum_subforum_count":0,"site-sidebar-layout":"default","site-content-layout":"","ast-site-content-layout":"default","site-content-style":"default","site-sidebar-style":"default","ast-global-header-display":"","ast-banner-title-visibility":"","ast-main-header-display":"","ast-hfb-above-header-display":"","ast-hfb-below-header-display":"","ast-hfb-mobile-header-display":"","site-post-title":"","ast-breadcrumbs-content":"","ast-featured-img":"","footer-sml-layout":"","theme-transparent-header-meta":"","adv-header-id-meta":"","stick-header-meta":"","header-above-stick-meta":"","header-main-stick-meta":"","header-below-stick-meta":"","astra-migrate-meta-layouts":"set","ast-page-background-enabled":"default","ast-page-background-meta":{"desktop":{"background-color":"var(--ast-global-color-4)","background-image":"","background-repeat":"repeat","background-position":"center center","background-size":"auto","background-attachment":"scroll","background-type":"","background-media":"","overlay-type":"","overlay-color":"","overlay-opacity":"","overlay-gradient":""},"tablet":{"background-color":"","background-image":"","background-repeat":"repeat","background-position":"center center","background-size":"auto","background-attachment":"scroll","background-type":"","background-media":"","overlay-type":"","overlay-color":"","overlay-opacity":"","overlay-gradient":""},"mobile":{"background-color":"","background-image":"","background-repeat":"repeat","background-position":"center center","background-size":"auto","background-attachment":"scroll","background-type":"","background-media":"","overlay-type":"","overlay-color":"","overlay-opacity":"","overlay-gradient":""}},"ast-content-background-meta":{"desktop":{"background-color":"var(--ast-global-color-5)","background-image":"","background-repeat":"repeat","background-position":"center center","background-size":"auto","background-attachment":"scroll","background-type":"","background-media":"","overlay-type":"","overlay-color":"","overlay-opacity":"","overlay-gradient":""},"tablet":{"background-color":"var(--ast-global-color-5)","background-image":"","background-repeat":"repeat","background-position":"center center","background-size":"auto","background-attachment":"scroll","background-type":"","background-media":"","overlay-type":"","overlay-color":"","overlay-opacity":"","overlay-gradient":""},"mobile":{"background-color":"var(--ast-global-color-5)","background-image":"","background-repeat":"repeat","background-position":"center center","background-size":"auto","background-attachment":"scroll","background-type":"","background-media":"","overlay-type":"","overlay-color":"","overlay-opacity":"","overlay-gradient":""}},"footnotes":""},"categories":[226,4],"tags":[],"class_list":["post-11953","post","type-post","status-publish","format-standard","has-post-thumbnail","hentry","category-esborranys","category-portada"],"post_mailing_queue_ids":[],"_links":{"self":[{"href":"https:\/\/agora.xtec.cat\/esc-pericot\/wp-json\/wp\/v2\/posts\/11953","targetHints":{"allow":["GET"]}}],"collection":[{"href":"https:\/\/agora.xtec.cat\/esc-pericot\/wp-json\/wp\/v2\/posts"}],"about":[{"href":"https:\/\/agora.xtec.cat\/esc-pericot\/wp-json\/wp\/v2\/types\/post"}],"author":[{"embeddable":true,"href":"https:\/\/agora.xtec.cat\/esc-pericot\/wp-json\/wp\/v2\/users\/1"}],"replies":[{"embeddable":true,"href":"https:\/\/agora.xtec.cat\/esc-pericot\/wp-json\/wp\/v2\/comments?post=11953"}],"version-history":[{"count":5,"href":"https:\/\/agora.xtec.cat\/esc-pericot\/wp-json\/wp\/v2\/posts\/11953\/revisions"}],"predecessor-version":[{"id":11960,"href":"https:\/\/agora.xtec.cat\/esc-pericot\/wp-json\/wp\/v2\/posts\/11953\/revisions\/11960"}],"wp:featuredmedia":[{"embeddable":true,"href":"https:\/\/agora.xtec.cat\/esc-pericot\/wp-json\/wp\/v2\/media\/11959"}],"wp:attachment":[{"href":"https:\/\/agora.xtec.cat\/esc-pericot\/wp-json\/wp\/v2\/media?parent=11953"}],"wp:term":[{"taxonomy":"category","embeddable":true,"href":"https:\/\/agora.xtec.cat\/esc-pericot\/wp-json\/wp\/v2\/categories?post=11953"},{"taxonomy":"post_tag","embeddable":true,"href":"https:\/\/agora.xtec.cat\/esc-pericot\/wp-json\/wp\/v2\/tags?post=11953"}],"curies":[{"name":"wp","href":"https:\/\/api.w.org\/{rel}","templated":true}]}}