{"id":11910,"date":"2026-02-06T13:42:53","date_gmt":"2026-02-06T12:42:53","guid":{"rendered":"https:\/\/agora.xtec.cat\/esc-pericot\/?p=11910"},"modified":"2026-02-07T11:24:13","modified_gmt":"2026-02-07T10:24:13","slug":"ens-visiten-sjanne-i-suzanne-dholanda","status":"publish","type":"post","link":"https:\/\/agora.xtec.cat\/esc-pericot\/portada\/ens-visiten-sjanne-i-suzanne-dholanda\/","title":{"rendered":"Ens visiten Sjanne i Suzanne, d&#8217;Holanda"},"content":{"rendered":"\n<div class=\"wp-block-columns is-layout-flex wp-container-core-columns-is-layout-1 wp-block-columns-is-layout-flex\" style=\"padding-top:0;padding-bottom:0\">\n<div class=\"wp-block-column is-layout-flow wp-block-column-is-layout-flow\" style=\"padding-right:var(--wp--preset--spacing--20);padding-left:var(--wp--preset--spacing--20);flex-basis:66.66%\">\n<p>Aquesta setmana, la nostra escola ha obert les portes a una experi\u00e8ncia d&#8217;intercanvi pedag\u00f2gic internacional molt enriquidora. Hem tingut el plaer de conviure amb <strong>dues mestres vingudes dels Pa\u00efsos Baixos<\/strong>, que han viatjat fins aqu\u00ed per con\u00e8ixer de prop la nostra metodologia i el dia a dia de les nostres aules. Els mestres del Pericot ja coneixem la metodologia de treball de la seva escola i \u00e9s que, quan els mestres Anton i Diana tamb\u00e9 ens van visitar,  ens explicar com treballaven. Vegeu<a href=\"https:\/\/agora.xtec.cat\/esc-pericot\/portada\/mestres-europeus-visiten-el-nostre-centre-per-coneixer-la-nostra-metodologia-educativa\/\"> l&#8217;article <\/a>que vam escriure<a href=\"https:\/\/agora.xtec.cat\/esc-pericot\/portada\/mestres-europeus-visiten-el-nostre-centre-per-coneixer-la-nostra-metodologia-educativa\/\">.<\/a><\/p>\n\n\n\n<p style=\"margin-right:0;margin-left:0\">La seva estada ha estat una oportunitat magn\u00edfica per compartir mirades, comparar sistemes educatius i, sobretot, reafirmar que la passi\u00f3 per l&#8217;educaci\u00f3 no hi ent\u00e9n de fronteres.<\/p>\n<\/div>\n\n\n\n<div class=\"wp-block-column is-layout-flow wp-block-column-is-layout-flow\" style=\"flex-basis:33.33%\">\n<figure class=\"wp-block-image size-large\"><img loading=\"lazy\" decoding=\"async\" width=\"1024\" height=\"768\" src=\"https:\/\/agora.xtec.cat\/esc-pericot\/wp-content\/uploads\/usu807\/2026\/02\/febrer26_3-1024x768.jpg\" alt=\"\" class=\"wp-image-11912\" srcset=\"https:\/\/agora.xtec.cat\/esc-pericot\/wp-content\/uploads\/usu807\/2026\/02\/febrer26_3-1024x768.jpg 1024w, https:\/\/agora.xtec.cat\/esc-pericot\/wp-content\/uploads\/usu807\/2026\/02\/febrer26_3-300x225.jpg 300w, https:\/\/agora.xtec.cat\/esc-pericot\/wp-content\/uploads\/usu807\/2026\/02\/febrer26_3-768x576.jpg 768w, https:\/\/agora.xtec.cat\/esc-pericot\/wp-content\/uploads\/usu807\/2026\/02\/febrer26_3-1536x1152.jpg 1536w, https:\/\/agora.xtec.cat\/esc-pericot\/wp-content\/uploads\/usu807\/2026\/02\/febrer26_3-2048x1536.jpg 2048w\" sizes=\"auto, (max-width: 1024px) 100vw, 1024px\" \/><\/figure>\n<\/div>\n<\/div>\n\n\n\n<p class=\"has-text-align-left\" style=\"border-style:none;border-width:0px;margin-top:0;margin-right:0;margin-bottom:0;margin-left:0;padding-top:var(--wp--preset--spacing--40);padding-right:var(--wp--preset--spacing--70);padding-bottom:var(--wp--preset--spacing--40);padding-left:var(--wp--preset--spacing--70)\">Durant la seva estada, les nostres convidades han pogut submergir-se de ple en la realitat del centre, interessant-se especialment per la sensibilitat de la m\u00fasica amb els infants de 3 anys i la tasca inclusiva que es realitza a la SIEI amb l\u2019alumnat d\u2019educaci\u00f3 especial. Aix\u00ed mateix, han seguit amb atenci\u00f3 el nostre model d&#8217;aprenentatge d&#8217;angl\u00e8s a trav\u00e9s de la plataforma Milton Education i les sessions de llengua oral (Speaking), a m\u00e9s d&#8217;assistir a les assemblees d&#8217;aula, on alumnes i mestres debaten temes d&#8217;inter\u00e8s col\u00b7lectiu. Finalment, han vist l&#8217;organitzaci\u00f3 i el funcionament de les rodes (learning stations) i la creativitat dels tallers que dinamitzem les tardes de dimecres i dijous, destacant la diversitat de metodologies actives que apliquem per atendre les necessitats de tot l&#8217;alumnat<\/p>\n\n\n\n<div class=\"wp-block-columns is-layout-flex wp-container-core-columns-is-layout-2 wp-block-columns-is-layout-flex\">\n<div class=\"wp-block-column is-layout-flow wp-block-column-is-layout-flow\">\n<figure class=\"wp-block-image size-medium is-resized\"><img loading=\"lazy\" decoding=\"async\" width=\"225\" height=\"300\" src=\"https:\/\/agora.xtec.cat\/esc-pericot\/wp-content\/uploads\/usu807\/2026\/02\/febrer26_2-225x300.jpg\" alt=\"\" class=\"wp-image-11914\" style=\"width:283px;height:auto\" srcset=\"https:\/\/agora.xtec.cat\/esc-pericot\/wp-content\/uploads\/usu807\/2026\/02\/febrer26_2-225x300.jpg 225w, https:\/\/agora.xtec.cat\/esc-pericot\/wp-content\/uploads\/usu807\/2026\/02\/febrer26_2-768x1024.jpg 768w, https:\/\/agora.xtec.cat\/esc-pericot\/wp-content\/uploads\/usu807\/2026\/02\/febrer26_2.jpg 1024w\" sizes=\"auto, (max-width: 225px) 100vw, 225px\" \/><\/figure>\n<\/div>\n\n\n\n<div class=\"wp-block-column is-layout-flow wp-block-column-is-layout-flow\">\n<figure class=\"wp-block-image size-full\"><img loading=\"lazy\" decoding=\"async\" width=\"1024\" height=\"768\" src=\"https:\/\/agora.xtec.cat\/esc-pericot\/wp-content\/uploads\/usu807\/2026\/02\/febrer26_1.jpg\" alt=\"\" class=\"wp-image-11915\" srcset=\"https:\/\/agora.xtec.cat\/esc-pericot\/wp-content\/uploads\/usu807\/2026\/02\/febrer26_1.jpg 1024w, https:\/\/agora.xtec.cat\/esc-pericot\/wp-content\/uploads\/usu807\/2026\/02\/febrer26_1-300x225.jpg 300w, https:\/\/agora.xtec.cat\/esc-pericot\/wp-content\/uploads\/usu807\/2026\/02\/febrer26_1-768x576.jpg 768w\" sizes=\"auto, (max-width: 1024px) 100vw, 1024px\" \/><\/figure>\n<\/div>\n<\/div>\n","protected":false},"excerpt":{"rendered":"<p>Aquesta setmana, la nostra escola ha obert les portes a una experi\u00e8ncia d&#8217;intercanvi pedag\u00f2gic internacional molt enriquidora. Hem tingut el plaer de conviure amb dues mestres vingudes dels Pa\u00efsos Baixos, que han viatjat fins aqu\u00ed per con\u00e8ixer de prop la nostra metodologia i el dia a dia de les nostres aules. Els mestres del Pericot [&hellip;]<\/p>\n","protected":false},"author":1,"featured_media":11915,"comment_status":"open","ping_status":"open","sticky":false,"template":"","format":"standard","meta":{"_bbp_topic_count":0,"_bbp_reply_count":0,"_bbp_total_topic_count":0,"_bbp_total_reply_count":0,"_bbp_voice_count":0,"_bbp_anonymous_reply_count":0,"_bbp_topic_count_hidden":0,"_bbp_reply_count_hidden":0,"_bbp_forum_subforum_count":0,"site-sidebar-layout":"default","site-content-layout":"","ast-site-content-layout":"default","site-content-style":"default","site-sidebar-style":"default","ast-global-header-display":"","ast-banner-title-visibility":"","ast-main-header-display":"","ast-hfb-above-header-display":"","ast-hfb-below-header-display":"","ast-hfb-mobile-header-display":"","site-post-title":"","ast-breadcrumbs-content":"","ast-featured-img":"","footer-sml-layout":"","theme-transparent-header-meta":"","adv-header-id-meta":"","stick-header-meta":"","header-above-stick-meta":"","header-main-stick-meta":"","header-below-stick-meta":"","astra-migrate-meta-layouts":"set","ast-page-background-enabled":"default","ast-page-background-meta":{"desktop":{"background-color":"var(--ast-global-color-4)","background-image":"","background-repeat":"repeat","background-position":"center center","background-size":"auto","background-attachment":"scroll","background-type":"","background-media":"","overlay-type":"","overlay-color":"","overlay-opacity":"","overlay-gradient":""},"tablet":{"background-color":"","background-image":"","background-repeat":"repeat","background-position":"center center","background-size":"auto","background-attachment":"scroll","background-type":"","background-media":"","overlay-type":"","overlay-color":"","overlay-opacity":"","overlay-gradient":""},"mobile":{"background-color":"","background-image":"","background-repeat":"repeat","background-position":"center center","background-size":"auto","background-attachment":"scroll","background-type":"","background-media":"","overlay-type":"","overlay-color":"","overlay-opacity":"","overlay-gradient":""}},"ast-content-background-meta":{"desktop":{"background-color":"var(--ast-global-color-5)","background-image":"","background-repeat":"repeat","background-position":"center center","background-size":"auto","background-attachment":"scroll","background-type":"","background-media":"","overlay-type":"","overlay-color":"","overlay-opacity":"","overlay-gradient":""},"tablet":{"background-color":"var(--ast-global-color-5)","background-image":"","background-repeat":"repeat","background-position":"center center","background-size":"auto","background-attachment":"scroll","background-type":"","background-media":"","overlay-type":"","overlay-color":"","overlay-opacity":"","overlay-gradient":""},"mobile":{"background-color":"var(--ast-global-color-5)","background-image":"","background-repeat":"repeat","background-position":"center center","background-size":"auto","background-attachment":"scroll","background-type":"","background-media":"","overlay-type":"","overlay-color":"","overlay-opacity":"","overlay-gradient":""}},"footnotes":""},"categories":[72,4],"tags":[76,22,29],"class_list":["post-11910","post","type-post","status-publish","format-standard","has-post-thumbnail","hentry","category-erasmus","category-portada","tag-erasmus","tag-escola","tag-projectes"],"post_mailing_queue_ids":[],"_links":{"self":[{"href":"https:\/\/agora.xtec.cat\/esc-pericot\/wp-json\/wp\/v2\/posts\/11910","targetHints":{"allow":["GET"]}}],"collection":[{"href":"https:\/\/agora.xtec.cat\/esc-pericot\/wp-json\/wp\/v2\/posts"}],"about":[{"href":"https:\/\/agora.xtec.cat\/esc-pericot\/wp-json\/wp\/v2\/types\/post"}],"author":[{"embeddable":true,"href":"https:\/\/agora.xtec.cat\/esc-pericot\/wp-json\/wp\/v2\/users\/1"}],"replies":[{"embeddable":true,"href":"https:\/\/agora.xtec.cat\/esc-pericot\/wp-json\/wp\/v2\/comments?post=11910"}],"version-history":[{"count":6,"href":"https:\/\/agora.xtec.cat\/esc-pericot\/wp-json\/wp\/v2\/posts\/11910\/revisions"}],"predecessor-version":[{"id":11926,"href":"https:\/\/agora.xtec.cat\/esc-pericot\/wp-json\/wp\/v2\/posts\/11910\/revisions\/11926"}],"wp:featuredmedia":[{"embeddable":true,"href":"https:\/\/agora.xtec.cat\/esc-pericot\/wp-json\/wp\/v2\/media\/11915"}],"wp:attachment":[{"href":"https:\/\/agora.xtec.cat\/esc-pericot\/wp-json\/wp\/v2\/media?parent=11910"}],"wp:term":[{"taxonomy":"category","embeddable":true,"href":"https:\/\/agora.xtec.cat\/esc-pericot\/wp-json\/wp\/v2\/categories?post=11910"},{"taxonomy":"post_tag","embeddable":true,"href":"https:\/\/agora.xtec.cat\/esc-pericot\/wp-json\/wp\/v2\/tags?post=11910"}],"curies":[{"name":"wp","href":"https:\/\/api.w.org\/{rel}","templated":true}]}}