{"id":11625,"date":"2025-11-27T19:38:07","date_gmt":"2025-11-27T18:38:07","guid":{"rendered":"https:\/\/agora.xtec.cat\/esc-pericot\/?p=11625"},"modified":"2025-12-12T11:17:58","modified_gmt":"2025-12-12T10:17:58","slug":"la-intelligencia-artificial-a-labast-de-tot-el-claustre","status":"publish","type":"post","link":"https:\/\/agora.xtec.cat\/esc-pericot\/portada\/la-intelligencia-artificial-a-labast-de-tot-el-claustre\/","title":{"rendered":"\u00a0La Intel\u00b7lig\u00e8ncia Artificial a l&#8217;abast de tot el claustre."},"content":{"rendered":"\n<div class=\"wp-block-columns is-layout-flex wp-container-core-columns-is-layout-1 wp-block-columns-is-layout-flex\">\n<div class=\"wp-block-column is-layout-flow wp-block-column-is-layout-flow\" style=\"flex-basis:33.33%\">\n<figure class=\"wp-block-image size-full\"><img loading=\"lazy\" decoding=\"async\" width=\"466\" height=\"424\" src=\"https:\/\/agora.xtec.cat\/esc-pericot\/wp-content\/uploads\/usu807\/2025\/11\/muntatgeXerradaRaul25.png\" alt=\"\" class=\"wp-image-11626\" srcset=\"https:\/\/agora.xtec.cat\/esc-pericot\/wp-content\/uploads\/usu807\/2025\/11\/muntatgeXerradaRaul25.png 466w, https:\/\/agora.xtec.cat\/esc-pericot\/wp-content\/uploads\/usu807\/2025\/11\/muntatgeXerradaRaul25-300x273.png 300w\" sizes=\"auto, (max-width: 466px) 100vw, 466px\" \/><figcaption class=\"wp-element-caption\">En Ra\u00fcl davant d&#8217;una imatge de la presentaci\u00f3.<\/figcaption><\/figure>\n<\/div>\n\n\n\n<div class=\"wp-block-column is-layout-flow wp-block-column-is-layout-flow\" style=\"flex-basis:66.66%\">\n<p>A l&#8217;escola Pericot, creiem fermament que l&#8217;educaci\u00f3 est\u00e0 en constant evoluci\u00f3. Per aix\u00f2, el nostre equip docent es mant\u00e9 en formaci\u00f3 cont\u00ednua per tal d&#8217;integrar les noves tecnologies de manera responsable i efectiva.<\/p>\n\n\n\n<p>Aquesta setmana hem gaudit d&#8217;una sessi\u00f3 molt especial impartida per un dels nostres mestres, en Ra\u00fcl, que a m\u00e9s \u00e9s formador expert en Intel\u00b7lig\u00e8ncia Artificial (IA).<\/p>\n\n\n\n<p>A trav\u00e9s d&#8217;una &#8220;p\u00edndola informativa&#8221; molt din\u00e0mica, l&#8217;equip ha pogut aprofundir en tres eixos fonamentals:<\/p>\n<\/div>\n<\/div>\n\n\n\n<p>-Els or\u00edgens de la IA: Un recorregut hist\u00f2ric per entendre com hem arribat fins aqu\u00ed, des dels primers algoritmes fins a la revoluci\u00f3 actual.<\/p>\n\n\n\n<p>-\u00c8tica i responsabilitat: Com utilitzar la IA a l&#8217;escola respectant la privacitat, fomentant l&#8217;esperit cr\u00edtic i evitant el plagi. La tecnologia ha de ser una aliada, mai un substitut del pensament hum\u00e0.<\/p>\n\n\n\n<p>-Eines pr\u00e0ctiques: Hem descobert aplicacions i recursos concrets per iniciar-nos en aquest m\u00f3n complex, dissenyats per potenciar la creativitat i personalitzar l&#8217;aprenentatge dels nostres alumnes.<\/p>\n\n\n\n<p>Gr\u00e0cies, Ra\u00fcl, per aquesta formaci\u00f3 interna.  Seguim avan\u00e7ant per oferir una educaci\u00f3 moderna, conscient i connectada amb la realitat actual.<\/p>\n\n\n\n<p>Us deixem amb tres de les imatges que il.lustraven la presentaci\u00f3, i que van estar creades amb la IA<\/p>\n\n\n\n<blockquote class=\"wp-block-quote is-layout-flow wp-block-quote-is-layout-flow\">\n<p class=\"has-text-align-center\"><strong>No aturar-se<\/strong> despr\u00e9s de la primera indicaci\u00f3 (prompt), ni de la primera resposta.<strong> Revisar-la, q\u00fcestionar-la, modificar-la, descartar-la o tornar a comen\u00e7ar<\/strong> si cal.<\/p>\n\n\n\n<p class=\"has-text-align-right\">Ra\u00fcl Torres <br><\/p>\n<\/blockquote>\n\n\n\n<div class=\"wp-block-columns is-layout-flex wp-container-core-columns-is-layout-2 wp-block-columns-is-layout-flex\">\n<div class=\"wp-block-column is-layout-flow wp-block-column-is-layout-flow\">\n<figure class=\"wp-block-image size-large is-resized\"><img loading=\"lazy\" decoding=\"async\" width=\"836\" height=\"1024\" src=\"https:\/\/agora.xtec.cat\/esc-pericot\/wp-content\/uploads\/usu807\/2025\/11\/xerrada-Raul1-836x1024.jpg\" alt=\"\" class=\"wp-image-11628\" style=\"object-fit:cover;width:333px;height:333px\"\/><\/figure>\n<\/div>\n\n\n\n<div class=\"wp-block-column is-layout-flow wp-block-column-is-layout-flow\">\n<figure class=\"wp-block-image size-large is-resized\" style=\"margin-top:0;margin-bottom:0\"><img loading=\"lazy\" decoding=\"async\" width=\"811\" height=\"1024\" src=\"https:\/\/agora.xtec.cat\/esc-pericot\/wp-content\/uploads\/usu807\/2025\/11\/xerrada-Raul2-811x1024.jpg\" alt=\"\" class=\"wp-image-11629\" style=\"object-fit:cover;width:333px;height:333px\"\/><\/figure>\n<\/div>\n\n\n\n<div class=\"wp-block-column is-layout-flow wp-block-column-is-layout-flow\">\n<figure class=\"wp-block-image size-large is-resized\" style=\"margin-right:0;margin-left:0\"><img loading=\"lazy\" decoding=\"async\" width=\"943\" height=\"1024\" src=\"https:\/\/agora.xtec.cat\/esc-pericot\/wp-content\/uploads\/usu807\/2025\/11\/xerrada-Raul3-943x1024.jpg\" alt=\"\" class=\"wp-image-11630\" style=\"width:350px\" srcset=\"https:\/\/agora.xtec.cat\/esc-pericot\/wp-content\/uploads\/usu807\/2025\/11\/xerrada-Raul3-943x1024.jpg 943w, https:\/\/agora.xtec.cat\/esc-pericot\/wp-content\/uploads\/usu807\/2025\/11\/xerrada-Raul3-276x300.jpg 276w, https:\/\/agora.xtec.cat\/esc-pericot\/wp-content\/uploads\/usu807\/2025\/11\/xerrada-Raul3-768x834.jpg 768w, https:\/\/agora.xtec.cat\/esc-pericot\/wp-content\/uploads\/usu807\/2025\/11\/xerrada-Raul3.jpg 989w\" sizes=\"auto, (max-width: 943px) 100vw, 943px\" \/><\/figure>\n<\/div>\n<\/div>\n","protected":false},"excerpt":{"rendered":"<p>A l&#8217;escola Pericot, creiem fermament que l&#8217;educaci\u00f3 est\u00e0 en constant evoluci\u00f3. Per aix\u00f2, el nostre equip docent es mant\u00e9 en formaci\u00f3 cont\u00ednua per tal d&#8217;integrar les noves tecnologies de manera responsable i efectiva. Aquesta setmana hem gaudit d&#8217;una sessi\u00f3 molt especial impartida per un dels nostres mestres, en Ra\u00fcl, que a m\u00e9s \u00e9s formador expert [&hellip;]<\/p>\n","protected":false},"author":1,"featured_media":11626,"comment_status":"open","ping_status":"open","sticky":false,"template":"","format":"standard","meta":{"_bbp_topic_count":0,"_bbp_reply_count":0,"_bbp_total_topic_count":0,"_bbp_total_reply_count":0,"_bbp_voice_count":0,"_bbp_anonymous_reply_count":0,"_bbp_topic_count_hidden":0,"_bbp_reply_count_hidden":0,"_bbp_forum_subforum_count":0,"site-sidebar-layout":"default","site-content-layout":"","ast-site-content-layout":"default","site-content-style":"default","site-sidebar-style":"default","ast-global-header-display":"","ast-banner-title-visibility":"","ast-main-header-display":"","ast-hfb-above-header-display":"","ast-hfb-below-header-display":"","ast-hfb-mobile-header-display":"","site-post-title":"","ast-breadcrumbs-content":"","ast-featured-img":"","footer-sml-layout":"","theme-transparent-header-meta":"","adv-header-id-meta":"","stick-header-meta":"","header-above-stick-meta":"","header-main-stick-meta":"","header-below-stick-meta":"","astra-migrate-meta-layouts":"set","ast-page-background-enabled":"default","ast-page-background-meta":{"desktop":{"background-color":"var(--ast-global-color-4)","background-image":"","background-repeat":"repeat","background-position":"center center","background-size":"auto","background-attachment":"scroll","background-type":"","background-media":"","overlay-type":"","overlay-color":"","overlay-opacity":"","overlay-gradient":""},"tablet":{"background-color":"","background-image":"","background-repeat":"repeat","background-position":"center center","background-size":"auto","background-attachment":"scroll","background-type":"","background-media":"","overlay-type":"","overlay-color":"","overlay-opacity":"","overlay-gradient":""},"mobile":{"background-color":"","background-image":"","background-repeat":"repeat","background-position":"center center","background-size":"auto","background-attachment":"scroll","background-type":"","background-media":"","overlay-type":"","overlay-color":"","overlay-opacity":"","overlay-gradient":""}},"ast-content-background-meta":{"desktop":{"background-color":"var(--ast-global-color-5)","background-image":"","background-repeat":"repeat","background-position":"center center","background-size":"auto","background-attachment":"scroll","background-type":"","background-media":"","overlay-type":"","overlay-color":"","overlay-opacity":"","overlay-gradient":""},"tablet":{"background-color":"var(--ast-global-color-5)","background-image":"","background-repeat":"repeat","background-position":"center center","background-size":"auto","background-attachment":"scroll","background-type":"","background-media":"","overlay-type":"","overlay-color":"","overlay-opacity":"","overlay-gradient":""},"mobile":{"background-color":"var(--ast-global-color-5)","background-image":"","background-repeat":"repeat","background-position":"center center","background-size":"auto","background-attachment":"scroll","background-type":"","background-media":"","overlay-type":"","overlay-color":"","overlay-opacity":"","overlay-gradient":""}},"footnotes":""},"categories":[4],"tags":[183,393,123],"class_list":["post-11625","post","type-post","status-publish","format-standard","has-post-thumbnail","hentry","category-portada","tag-formacio-de-centre","tag-ia","tag-mestres"],"post_mailing_queue_ids":[],"_links":{"self":[{"href":"https:\/\/agora.xtec.cat\/esc-pericot\/wp-json\/wp\/v2\/posts\/11625","targetHints":{"allow":["GET"]}}],"collection":[{"href":"https:\/\/agora.xtec.cat\/esc-pericot\/wp-json\/wp\/v2\/posts"}],"about":[{"href":"https:\/\/agora.xtec.cat\/esc-pericot\/wp-json\/wp\/v2\/types\/post"}],"author":[{"embeddable":true,"href":"https:\/\/agora.xtec.cat\/esc-pericot\/wp-json\/wp\/v2\/users\/1"}],"replies":[{"embeddable":true,"href":"https:\/\/agora.xtec.cat\/esc-pericot\/wp-json\/wp\/v2\/comments?post=11625"}],"version-history":[{"count":6,"href":"https:\/\/agora.xtec.cat\/esc-pericot\/wp-json\/wp\/v2\/posts\/11625\/revisions"}],"predecessor-version":[{"id":11750,"href":"https:\/\/agora.xtec.cat\/esc-pericot\/wp-json\/wp\/v2\/posts\/11625\/revisions\/11750"}],"wp:featuredmedia":[{"embeddable":true,"href":"https:\/\/agora.xtec.cat\/esc-pericot\/wp-json\/wp\/v2\/media\/11626"}],"wp:attachment":[{"href":"https:\/\/agora.xtec.cat\/esc-pericot\/wp-json\/wp\/v2\/media?parent=11625"}],"wp:term":[{"taxonomy":"category","embeddable":true,"href":"https:\/\/agora.xtec.cat\/esc-pericot\/wp-json\/wp\/v2\/categories?post=11625"},{"taxonomy":"post_tag","embeddable":true,"href":"https:\/\/agora.xtec.cat\/esc-pericot\/wp-json\/wp\/v2\/tags?post=11625"}],"curies":[{"name":"wp","href":"https:\/\/api.w.org\/{rel}","templated":true}]}}