{"id":11581,"date":"2025-11-19T13:33:14","date_gmt":"2025-11-19T12:33:14","guid":{"rendered":"https:\/\/agora.xtec.cat\/esc-pericot\/?p=11581"},"modified":"2025-11-26T16:09:50","modified_gmt":"2025-11-26T15:09:50","slug":"fem-una-depuradora-casolana","status":"publish","type":"post","link":"https:\/\/agora.xtec.cat\/esc-pericot\/portada\/fem-una-depuradora-casolana\/","title":{"rendered":"Fem una depuradora casolana!"},"content":{"rendered":"\n<p>En el marc del treball globalitzat Pericot: l&#8217;aigua es pot acabar?, l\u2019alumnat ha iniciat una investigaci\u00f3 per comprendre millor com funciona el cicle urb\u00e0 de l\u2019aigua i quines accions podem dur a terme per fer-ne un \u00fas responsable. Aquesta proposta forma part del nostre comprom\u00eds com a centre per fomentar una educaci\u00f3 competencial, significativa i connectada amb els reptes reals del nostre entorn.<\/p>\n\n\n\n<p>Una de les activitats m\u00e9s engrescadores ha estat un experiment pr\u00e0ctic per descobrir si \u00e9s possible depurar l\u2019aigua de manera artesanal. A trav\u00e9s de materials senzills i segurs, els infants han pogut observar com, mitjan\u00e7ant diversos filtres, l\u2019aigua bruta es va transformant en una aigua visualment m\u00e9s neta. Aquest proc\u00e9s els ha perm\u00e8s entendre conceptes clau com la decantaci\u00f3, la filtraci\u00f3 i la import\u00e0ncia de les estacions depuradores en la vida quotidiana.<\/p>\n\n\n\n<figure class=\"wp-block-image size-large\"><img loading=\"lazy\" decoding=\"async\" width=\"768\" height=\"1024\" src=\"https:\/\/agora.xtec.cat\/esc-pericot\/wp-content\/uploads\/usu807\/2025\/11\/IMG_9016-768x1024.jpg\" alt=\"\" class=\"wp-image-11592\" srcset=\"https:\/\/agora.xtec.cat\/esc-pericot\/wp-content\/uploads\/usu807\/2025\/11\/IMG_9016-768x1024.jpg 768w, https:\/\/agora.xtec.cat\/esc-pericot\/wp-content\/uploads\/usu807\/2025\/11\/IMG_9016-225x300.jpg 225w, https:\/\/agora.xtec.cat\/esc-pericot\/wp-content\/uploads\/usu807\/2025\/11\/IMG_9016.jpg 1024w\" sizes=\"auto, (max-width: 768px) 100vw, 768px\" \/><\/figure>\n","protected":false},"excerpt":{"rendered":"<p>En el marc del treball globalitzat Pericot: l&#8217;aigua es pot acabar?, l\u2019alumnat ha iniciat una investigaci\u00f3 per comprendre millor com funciona el cicle urb\u00e0 de l\u2019aigua i quines accions podem dur a terme per fer-ne un \u00fas responsable. Aquesta proposta forma part del nostre comprom\u00eds com a centre per fomentar una educaci\u00f3 competencial, significativa i [&hellip;]<\/p>\n","protected":false},"author":5,"featured_media":11592,"comment_status":"open","ping_status":"open","sticky":false,"template":"","format":"standard","meta":{"_bbp_topic_count":0,"_bbp_reply_count":0,"_bbp_total_topic_count":0,"_bbp_total_reply_count":0,"_bbp_voice_count":0,"_bbp_anonymous_reply_count":0,"_bbp_topic_count_hidden":0,"_bbp_reply_count_hidden":0,"_bbp_forum_subforum_count":0,"site-sidebar-layout":"default","site-content-layout":"","ast-site-content-layout":"default","site-content-style":"default","site-sidebar-style":"default","ast-global-header-display":"","ast-banner-title-visibility":"","ast-main-header-display":"","ast-hfb-above-header-display":"","ast-hfb-below-header-display":"","ast-hfb-mobile-header-display":"","site-post-title":"","ast-breadcrumbs-content":"","ast-featured-img":"","footer-sml-layout":"","theme-transparent-header-meta":"","adv-header-id-meta":"","stick-header-meta":"","header-above-stick-meta":"","header-main-stick-meta":"","header-below-stick-meta":"","astra-migrate-meta-layouts":"set","ast-page-background-enabled":"default","ast-page-background-meta":{"desktop":{"background-color":"var(--ast-global-color-4)","background-image":"","background-repeat":"repeat","background-position":"center center","background-size":"auto","background-attachment":"scroll","background-type":"","background-media":"","overlay-type":"","overlay-color":"","overlay-opacity":"","overlay-gradient":""},"tablet":{"background-color":"","background-image":"","background-repeat":"repeat","background-position":"center center","background-size":"auto","background-attachment":"scroll","background-type":"","background-media":"","overlay-type":"","overlay-color":"","overlay-opacity":"","overlay-gradient":""},"mobile":{"background-color":"","background-image":"","background-repeat":"repeat","background-position":"center center","background-size":"auto","background-attachment":"scroll","background-type":"","background-media":"","overlay-type":"","overlay-color":"","overlay-opacity":"","overlay-gradient":""}},"ast-content-background-meta":{"desktop":{"background-color":"var(--ast-global-color-5)","background-image":"","background-repeat":"repeat","background-position":"center center","background-size":"auto","background-attachment":"scroll","background-type":"","background-media":"","overlay-type":"","overlay-color":"","overlay-opacity":"","overlay-gradient":""},"tablet":{"background-color":"var(--ast-global-color-5)","background-image":"","background-repeat":"repeat","background-position":"center center","background-size":"auto","background-attachment":"scroll","background-type":"","background-media":"","overlay-type":"","overlay-color":"","overlay-opacity":"","overlay-gradient":""},"mobile":{"background-color":"var(--ast-global-color-5)","background-image":"","background-repeat":"repeat","background-position":"center center","background-size":"auto","background-attachment":"scroll","background-type":"","background-media":"","overlay-type":"","overlay-color":"","overlay-opacity":"","overlay-gradient":""}},"footnotes":""},"categories":[8,4],"tags":[120,80,22],"class_list":["post-11581","post","type-post","status-publish","format-standard","has-post-thumbnail","hentry","category-20-28","category-portada","tag-activitats","tag-cicle-mitja","tag-escola"],"post_mailing_queue_ids":[],"_links":{"self":[{"href":"https:\/\/agora.xtec.cat\/esc-pericot\/wp-json\/wp\/v2\/posts\/11581","targetHints":{"allow":["GET"]}}],"collection":[{"href":"https:\/\/agora.xtec.cat\/esc-pericot\/wp-json\/wp\/v2\/posts"}],"about":[{"href":"https:\/\/agora.xtec.cat\/esc-pericot\/wp-json\/wp\/v2\/types\/post"}],"author":[{"embeddable":true,"href":"https:\/\/agora.xtec.cat\/esc-pericot\/wp-json\/wp\/v2\/users\/5"}],"replies":[{"embeddable":true,"href":"https:\/\/agora.xtec.cat\/esc-pericot\/wp-json\/wp\/v2\/comments?post=11581"}],"version-history":[{"count":1,"href":"https:\/\/agora.xtec.cat\/esc-pericot\/wp-json\/wp\/v2\/posts\/11581\/revisions"}],"predecessor-version":[{"id":11594,"href":"https:\/\/agora.xtec.cat\/esc-pericot\/wp-json\/wp\/v2\/posts\/11581\/revisions\/11594"}],"wp:featuredmedia":[{"embeddable":true,"href":"https:\/\/agora.xtec.cat\/esc-pericot\/wp-json\/wp\/v2\/media\/11592"}],"wp:attachment":[{"href":"https:\/\/agora.xtec.cat\/esc-pericot\/wp-json\/wp\/v2\/media?parent=11581"}],"wp:term":[{"taxonomy":"category","embeddable":true,"href":"https:\/\/agora.xtec.cat\/esc-pericot\/wp-json\/wp\/v2\/categories?post=11581"},{"taxonomy":"post_tag","embeddable":true,"href":"https:\/\/agora.xtec.cat\/esc-pericot\/wp-json\/wp\/v2\/tags?post=11581"}],"curies":[{"name":"wp","href":"https:\/\/api.w.org\/{rel}","templated":true}]}}