{"id":11515,"date":"2025-11-13T17:36:45","date_gmt":"2025-11-13T16:36:45","guid":{"rendered":"https:\/\/agora.xtec.cat\/esc-pericot\/?p=11515"},"modified":"2025-11-15T17:07:04","modified_gmt":"2025-11-15T16:07:04","slug":"la-metodologia-pericot-creua-fronteres","status":"publish","type":"post","link":"https:\/\/agora.xtec.cat\/esc-pericot\/portada\/la-metodologia-pericot-creua-fronteres\/","title":{"rendered":"La Metodologia Pericot creua fronteres"},"content":{"rendered":"\n<h2 class=\"wp-block-heading\" style=\"font-style:normal;font-weight:100\">Rebem la visita de tres mestres d&#8217;It\u00e0lia<\/h2>\n\n\n\n<div class=\"wp-block-columns is-layout-flex wp-container-core-columns-is-layout-1 wp-block-columns-is-layout-flex\" style=\"margin-top:0;margin-bottom:0;padding-top:0;padding-bottom:0\">\n<div class=\"wp-block-column is-layout-flow wp-block-column-is-layout-flow\" style=\"flex-basis:33.33%\">\n<figure class=\"wp-block-image size-large\"><img loading=\"lazy\" decoding=\"async\" width=\"1024\" height=\"1024\" src=\"https:\/\/agora.xtec.cat\/esc-pericot\/wp-content\/uploads\/usu807\/2025\/11\/Erasmus_Italia_october255-1024x1024.png\" alt=\"\" class=\"wp-image-11523\" srcset=\"https:\/\/agora.xtec.cat\/esc-pericot\/wp-content\/uploads\/usu807\/2025\/11\/Erasmus_Italia_october255-1024x1024.png 1024w, https:\/\/agora.xtec.cat\/esc-pericot\/wp-content\/uploads\/usu807\/2025\/11\/Erasmus_Italia_october255-300x300.png 300w, https:\/\/agora.xtec.cat\/esc-pericot\/wp-content\/uploads\/usu807\/2025\/11\/Erasmus_Italia_october255-150x150.png 150w, https:\/\/agora.xtec.cat\/esc-pericot\/wp-content\/uploads\/usu807\/2025\/11\/Erasmus_Italia_october255-768x768.png 768w, https:\/\/agora.xtec.cat\/esc-pericot\/wp-content\/uploads\/usu807\/2025\/11\/Erasmus_Italia_october255.png 1080w\" sizes=\"auto, (max-width: 1024px) 100vw, 1024px\" \/><\/figure>\n<\/div>\n\n\n\n<div class=\"wp-block-column is-layout-flow wp-block-column-is-layout-flow\" style=\"flex-basis:66.66%\">\n<p>Aquests dies hem tingut el plaer de rebre a la nostra escola una visita molt especial: tres mestres de <strong>l&#8217;Instituto Comprensivo Statale Rita Levi Montalcini de Flor\u00e8ncia (It\u00e0lia)<\/strong>. El seu objectiu? Con\u00e8ixer de prop el nostre projecte educatiu i, en particular, la Metodologia Pericot que ens fa \u00fanics.<\/p>\n\n\n\n<p>Ha estat una oportunitat fant\u00e0stica per compartir la nostra manera de fer i, alhora, per enriquir-nos amb la seva mirada externa. Els mestres italians han pogut submergir-se en el dia a dia de les aules, coneixent de prop la nostra proposta pedag\u00f2gica.<\/p>\n\n\n\n<p><\/p>\n<\/div>\n<\/div>\n\n\n\n<p>Han observat com treballem a trav\u00e9s de les rodes, una de les nostres senyes d&#8217;identitat, que permet als alumnes aprendre de manera activa i aut\u00f2noma.<\/p>\n\n\n\n<p>Tamb\u00e9 han assistit a sessions on els nostres alumnes dissenyaven i constru\u00efen els seus propis robots, demostrant creativitat i habilitats de resoluci\u00f3 de problemes.<\/p>\n\n\n\n<p>Per\u00f2 no tot \u00e9s tecnologia. La sensibilitat art\u00edstica \u00e9s un altre pilar de l&#8217;escola. Els mestres van tenir la sort de viure un moment m\u00e0gic: una sessi\u00f3 de m\u00fasica on mestres i alumnes col\u00b7laboraven per crear la melodia que aviat acompanyar\u00e0 la nostra estimada gegantona, la Periganta, i el capgr\u00f2s Pericot.<\/p>\n\n\n\n<p>A m\u00e9s d&#8217;aquestes sessions, els visitants van poder con\u00e8ixer altres \u00e0mbits de l&#8217;escola. Van assistir a classes d&#8217;Educaci\u00f3 F\u00edsica, van observar diferents sessions d&#8217;English i van con\u00e8ixer el funcionament de la nostra biblioteca, veient com gestionem el pr\u00e9stec i retorn de llibres.<\/p>\n\n\n\n<p>Una de les mestres, especialista d&#8217;Educaci\u00f3 Infantil, va marxar &#8220;plena d&#8217;idees i viv\u00e8ncies&#8221;. Ens va confirmar el que ja sabem: la Metodologia Pericot \u00e9s una metodologia pr\u00f2pia i molt vivencial, que posa l&#8217;alumne al centre del seu propi aprenentatge.<\/p>\n\n\n\n<p>Estem molt orgullosos de poder compartir el nostre projecte i contents de veure que la nostra feina desperta inter\u00e8s m\u00e9s enll\u00e0 de les nostres fronteres. Aquest intercanvi ens reafirma en el cam\u00ed que hem triat.<\/p>\n\n\n\n<div class=\"wp-block-getwid-images-slider has-arrows-inside has-dots-inside is-carousel has-slides-gap-normal has-images-center has-cropped-images\"><div class=\"wp-block-getwid-images-slider__wrapper\" data-effect=\"slide\" data-slides-show=\"3\" data-slides-show-laptop=\"3\" data-slides-show-tablet=\"3\" data-slides-show-mobile=\"1\" data-slides-scroll=\"1\" data-autoplay=\"false\" data-pause-hover=\"false\" data-autoplay-speed=\"6000\" data-infinite=\"true\" data-animation-speed=\"800\" data-center-mode=\"true\" data-variable-width=\"false\" data-arrows=\"inside\" data-dots=\"inside\" data-spacing=\"normal\"><div class=\"wp-block-getwid-images-slider__item\"><figure><img loading=\"lazy\" decoding=\"async\" width=\"300\" height=\"300\" src=\"https:\/\/agora.xtec.cat\/esc-pericot\/wp-content\/uploads\/usu807\/2025\/11\/Erasmus_Italia_october255-300x300.png\" alt=\"\" data-id=\"11523\" data-link=\"https:\/\/agora.xtec.cat\/esc-pericot\/erasmus_italia_october255\/\" data-original-link=\"https:\/\/agora.xtec.cat\/esc-pericot\/wp-content\/uploads\/usu807\/2025\/11\/Erasmus_Italia_october255.png\" class=\"wp-block-getwid-images-slider__image wp-image-11523\" srcset=\"https:\/\/agora.xtec.cat\/esc-pericot\/wp-content\/uploads\/usu807\/2025\/11\/Erasmus_Italia_october255-300x300.png 300w, https:\/\/agora.xtec.cat\/esc-pericot\/wp-content\/uploads\/usu807\/2025\/11\/Erasmus_Italia_october255-1024x1024.png 1024w, https:\/\/agora.xtec.cat\/esc-pericot\/wp-content\/uploads\/usu807\/2025\/11\/Erasmus_Italia_october255-150x150.png 150w, https:\/\/agora.xtec.cat\/esc-pericot\/wp-content\/uploads\/usu807\/2025\/11\/Erasmus_Italia_october255-768x768.png 768w, https:\/\/agora.xtec.cat\/esc-pericot\/wp-content\/uploads\/usu807\/2025\/11\/Erasmus_Italia_october255.png 1080w\" sizes=\"auto, (max-width: 300px) 100vw, 300px\" \/><\/figure><\/div><div class=\"wp-block-getwid-images-slider__item\"><figure><img loading=\"lazy\" decoding=\"async\" width=\"300\" height=\"169\" src=\"https:\/\/agora.xtec.cat\/esc-pericot\/wp-content\/uploads\/usu807\/2025\/11\/Erasmus_Italia_october252-300x169.jpeg\" alt=\"\" data-id=\"11513\" data-link=\"https:\/\/agora.xtec.cat\/esc-pericot\/erasmus_italia_october252\/\" data-original-link=\"https:\/\/agora.xtec.cat\/esc-pericot\/wp-content\/uploads\/usu807\/2025\/11\/Erasmus_Italia_october252.jpeg\" class=\"wp-block-getwid-images-slider__image wp-image-11513\" srcset=\"https:\/\/agora.xtec.cat\/esc-pericot\/wp-content\/uploads\/usu807\/2025\/11\/Erasmus_Italia_october252-300x169.jpeg 300w, https:\/\/agora.xtec.cat\/esc-pericot\/wp-content\/uploads\/usu807\/2025\/11\/Erasmus_Italia_october252-1024x578.jpeg 1024w, https:\/\/agora.xtec.cat\/esc-pericot\/wp-content\/uploads\/usu807\/2025\/11\/Erasmus_Italia_october252-768x433.jpeg 768w, https:\/\/agora.xtec.cat\/esc-pericot\/wp-content\/uploads\/usu807\/2025\/11\/Erasmus_Italia_october252-1536x866.jpeg 1536w, https:\/\/agora.xtec.cat\/esc-pericot\/wp-content\/uploads\/usu807\/2025\/11\/Erasmus_Italia_october252.jpeg 2048w\" sizes=\"auto, (max-width: 300px) 100vw, 300px\" \/><\/figure><\/div><div class=\"wp-block-getwid-images-slider__item\"><figure><img loading=\"lazy\" decoding=\"async\" width=\"300\" height=\"169\" src=\"https:\/\/agora.xtec.cat\/esc-pericot\/wp-content\/uploads\/usu807\/2025\/11\/Erasmus_Italia_october253-300x169.jpeg\" alt=\"\" data-id=\"11512\" data-link=\"https:\/\/agora.xtec.cat\/esc-pericot\/erasmus_italia_october253\/\" data-original-link=\"https:\/\/agora.xtec.cat\/esc-pericot\/wp-content\/uploads\/usu807\/2025\/11\/Erasmus_Italia_october253.jpeg\" class=\"wp-block-getwid-images-slider__image wp-image-11512\" srcset=\"https:\/\/agora.xtec.cat\/esc-pericot\/wp-content\/uploads\/usu807\/2025\/11\/Erasmus_Italia_october253-300x169.jpeg 300w, https:\/\/agora.xtec.cat\/esc-pericot\/wp-content\/uploads\/usu807\/2025\/11\/Erasmus_Italia_october253-1024x578.jpeg 1024w, https:\/\/agora.xtec.cat\/esc-pericot\/wp-content\/uploads\/usu807\/2025\/11\/Erasmus_Italia_october253-768x433.jpeg 768w, https:\/\/agora.xtec.cat\/esc-pericot\/wp-content\/uploads\/usu807\/2025\/11\/Erasmus_Italia_october253-1536x866.jpeg 1536w, https:\/\/agora.xtec.cat\/esc-pericot\/wp-content\/uploads\/usu807\/2025\/11\/Erasmus_Italia_october253.jpeg 2048w\" sizes=\"auto, (max-width: 300px) 100vw, 300px\" \/><\/figure><\/div><div class=\"wp-block-getwid-images-slider__item\"><figure><img loading=\"lazy\" decoding=\"async\" width=\"300\" height=\"169\" src=\"https:\/\/agora.xtec.cat\/esc-pericot\/wp-content\/uploads\/usu807\/2025\/11\/Erasmus_Italia_october251-1-300x169.jpeg\" alt=\"\" data-id=\"11511\" data-link=\"https:\/\/agora.xtec.cat\/esc-pericot\/erasmus_italia_october251-2\/\" data-original-link=\"https:\/\/agora.xtec.cat\/esc-pericot\/wp-content\/uploads\/usu807\/2025\/11\/Erasmus_Italia_october251-1.jpeg\" class=\"wp-block-getwid-images-slider__image wp-image-11511\" srcset=\"https:\/\/agora.xtec.cat\/esc-pericot\/wp-content\/uploads\/usu807\/2025\/11\/Erasmus_Italia_october251-1-300x169.jpeg 300w, https:\/\/agora.xtec.cat\/esc-pericot\/wp-content\/uploads\/usu807\/2025\/11\/Erasmus_Italia_october251-1-1024x578.jpeg 1024w, https:\/\/agora.xtec.cat\/esc-pericot\/wp-content\/uploads\/usu807\/2025\/11\/Erasmus_Italia_october251-1-768x433.jpeg 768w, https:\/\/agora.xtec.cat\/esc-pericot\/wp-content\/uploads\/usu807\/2025\/11\/Erasmus_Italia_october251-1-1536x866.jpeg 1536w, https:\/\/agora.xtec.cat\/esc-pericot\/wp-content\/uploads\/usu807\/2025\/11\/Erasmus_Italia_october251-1.jpeg 2048w\" sizes=\"auto, (max-width: 300px) 100vw, 300px\" \/><\/figure><\/div><\/div><\/div>\n\n\n\n<p><\/p>\n","protected":false},"excerpt":{"rendered":"<p>Rebem la visita de tres mestres d&#8217;It\u00e0lia Aquests dies hem tingut el plaer de rebre a la nostra escola una visita molt especial: tres mestres de l&#8217;Instituto Comprensivo Statale Rita Levi Montalcini de Flor\u00e8ncia (It\u00e0lia). El seu objectiu? Con\u00e8ixer de prop el nostre projecte educatiu i, en particular, la Metodologia Pericot que ens fa \u00fanics. [&hellip;]<\/p>\n","protected":false},"author":1,"featured_media":11523,"comment_status":"open","ping_status":"open","sticky":false,"template":"","format":"standard","meta":{"_bbp_topic_count":0,"_bbp_reply_count":0,"_bbp_total_topic_count":0,"_bbp_total_reply_count":0,"_bbp_voice_count":0,"_bbp_anonymous_reply_count":0,"_bbp_topic_count_hidden":0,"_bbp_reply_count_hidden":0,"_bbp_forum_subforum_count":0,"site-sidebar-layout":"default","site-content-layout":"","ast-site-content-layout":"default","site-content-style":"default","site-sidebar-style":"default","ast-global-header-display":"","ast-banner-title-visibility":"","ast-main-header-display":"","ast-hfb-above-header-display":"","ast-hfb-below-header-display":"","ast-hfb-mobile-header-display":"","site-post-title":"","ast-breadcrumbs-content":"","ast-featured-img":"","footer-sml-layout":"","theme-transparent-header-meta":"","adv-header-id-meta":"","stick-header-meta":"","header-above-stick-meta":"","header-main-stick-meta":"","header-below-stick-meta":"","astra-migrate-meta-layouts":"set","ast-page-background-enabled":"default","ast-page-background-meta":{"desktop":{"background-color":"var(--ast-global-color-4)","background-image":"","background-repeat":"repeat","background-position":"center center","background-size":"auto","background-attachment":"scroll","background-type":"","background-media":"","overlay-type":"","overlay-color":"","overlay-opacity":"","overlay-gradient":""},"tablet":{"background-color":"","background-image":"","background-repeat":"repeat","background-position":"center center","background-size":"auto","background-attachment":"scroll","background-type":"","background-media":"","overlay-type":"","overlay-color":"","overlay-opacity":"","overlay-gradient":""},"mobile":{"background-color":"","background-image":"","background-repeat":"repeat","background-position":"center center","background-size":"auto","background-attachment":"scroll","background-type":"","background-media":"","overlay-type":"","overlay-color":"","overlay-opacity":"","overlay-gradient":""}},"ast-content-background-meta":{"desktop":{"background-color":"var(--ast-global-color-5)","background-image":"","background-repeat":"repeat","background-position":"center center","background-size":"auto","background-attachment":"scroll","background-type":"","background-media":"","overlay-type":"","overlay-color":"","overlay-opacity":"","overlay-gradient":""},"tablet":{"background-color":"var(--ast-global-color-5)","background-image":"","background-repeat":"repeat","background-position":"center center","background-size":"auto","background-attachment":"scroll","background-type":"","background-media":"","overlay-type":"","overlay-color":"","overlay-opacity":"","overlay-gradient":""},"mobile":{"background-color":"var(--ast-global-color-5)","background-image":"","background-repeat":"repeat","background-position":"center center","background-size":"auto","background-attachment":"scroll","background-type":"","background-media":"","overlay-type":"","overlay-color":"","overlay-opacity":"","overlay-gradient":""}},"footnotes":""},"categories":[4],"tags":[76,22,123],"class_list":["post-11515","post","type-post","status-publish","format-standard","has-post-thumbnail","hentry","category-portada","tag-erasmus","tag-escola","tag-mestres"],"post_mailing_queue_ids":[],"_links":{"self":[{"href":"https:\/\/agora.xtec.cat\/esc-pericot\/wp-json\/wp\/v2\/posts\/11515","targetHints":{"allow":["GET"]}}],"collection":[{"href":"https:\/\/agora.xtec.cat\/esc-pericot\/wp-json\/wp\/v2\/posts"}],"about":[{"href":"https:\/\/agora.xtec.cat\/esc-pericot\/wp-json\/wp\/v2\/types\/post"}],"author":[{"embeddable":true,"href":"https:\/\/agora.xtec.cat\/esc-pericot\/wp-json\/wp\/v2\/users\/1"}],"replies":[{"embeddable":true,"href":"https:\/\/agora.xtec.cat\/esc-pericot\/wp-json\/wp\/v2\/comments?post=11515"}],"version-history":[{"count":6,"href":"https:\/\/agora.xtec.cat\/esc-pericot\/wp-json\/wp\/v2\/posts\/11515\/revisions"}],"predecessor-version":[{"id":11537,"href":"https:\/\/agora.xtec.cat\/esc-pericot\/wp-json\/wp\/v2\/posts\/11515\/revisions\/11537"}],"wp:featuredmedia":[{"embeddable":true,"href":"https:\/\/agora.xtec.cat\/esc-pericot\/wp-json\/wp\/v2\/media\/11523"}],"wp:attachment":[{"href":"https:\/\/agora.xtec.cat\/esc-pericot\/wp-json\/wp\/v2\/media?parent=11515"}],"wp:term":[{"taxonomy":"category","embeddable":true,"href":"https:\/\/agora.xtec.cat\/esc-pericot\/wp-json\/wp\/v2\/categories?post=11515"},{"taxonomy":"post_tag","embeddable":true,"href":"https:\/\/agora.xtec.cat\/esc-pericot\/wp-json\/wp\/v2\/tags?post=11515"}],"curies":[{"name":"wp","href":"https:\/\/api.w.org\/{rel}","templated":true}]}}