{"id":1119,"date":"2018-09-17T20:38:37","date_gmt":"2018-09-17T18:38:37","guid":{"rendered":"http:\/\/agora.xtec.cat\/esc-pericot\/?p=1119"},"modified":"2018-11-17T20:47:52","modified_gmt":"2018-11-17T19:47:52","slug":"servei-de-prestec-de-la-biblioteca-escolar-durant-el-projecte-today-a-reader-tomorrow-a-leader","status":"publish","type":"post","link":"https:\/\/agora.xtec.cat\/esc-pericot\/portada\/servei-de-prestec-de-la-biblioteca-escolar-durant-el-projecte-today-a-reader-tomorrow-a-leader\/","title":{"rendered":"Servei de pr\u00e9stec de la biblioteca escolar durant el projecte TODAY A READER, TOMORROW A LEADER"},"content":{"rendered":"<p>El projecte Erasmus+ <strong><em>Today a Reader, tomorrow a leader<\/em><\/strong>, va comen\u00e7ar a l\u2019octubre de 2016. Pr\u00e8viament a aquestes dates no ten\u00edem en funcionament la biblioteca del nostre centre, i per aquesta ra\u00f3 no hi ha dades.<a href=\"http:\/\/agora.xtec.cat\/esc-pericot\/wp-content\/uploads\/usu807\/2018\/09\/gr\u00e0fica.png\"><img loading=\"lazy\" decoding=\"async\" class=\" wp-image-1120 alignright\" src=\"http:\/\/agora.xtec.cat\/esc-pericot\/wp-content\/uploads\/usu807\/2018\/09\/gr\u00e0fica.png\" alt=\"\" width=\"538\" height=\"345\" srcset=\"https:\/\/agora.xtec.cat\/esc-pericot\/wp-content\/uploads\/usu807\/2018\/09\/gr\u00e0fica.png 972w, https:\/\/agora.xtec.cat\/esc-pericot\/wp-content\/uploads\/usu807\/2018\/09\/gr\u00e0fica-300x192.png 300w, https:\/\/agora.xtec.cat\/esc-pericot\/wp-content\/uploads\/usu807\/2018\/09\/gr\u00e0fica-768x492.png 768w\" sizes=\"auto, (max-width: 538px) 100vw, 538px\" \/><\/a><\/p>\n<p>Com veiem a la gr\u00e0fica, durant l\u2019\u00faltim trimestre de 2016, marcat en verd, que va ser quan es va iniciar l\u2019Erasmus+, hi va haver un increment de llibres prestats i llegits a les aules, degut potser a diversos factors com pot ser la il\u00b7lusi\u00f3 per la inauguraci\u00f3 de la biblioteca escolar i tamb\u00e9 pel fet de comen\u00e7ar un projecte de caire lector amb altres pa\u00efsos europeus.<\/p>\n<p>La tend\u00e8ncia similar en tots els mesos de l\u2019any 2017 va canviar en comen\u00e7ar l\u2019any 2018, on es pot veure com es va anar incrementant la quantitat de llibres llegits. Potser cal buscar l\u2019explicaci\u00f3 en el comprom\u00eds dels mestres en treballar la lectura a les aules, aix\u00ed com tamb\u00e9 a diverses activitats relacionades amb el projecte; els padrins lectors entre alumnes de diferents edats, recomanacions a trav\u00e9s de diversos mitjans (BookTubers, v\u00eddeo de St Jordi&#8230; ), visites a les biblioteques municipals, concursos d\u2019orat\u00f2ria&#8230; que han contribu\u00eft a l\u2019augment del pr\u00e9stec i a la lectura de llibres per part dels alumnes.<\/p>\n","protected":false},"excerpt":{"rendered":"<p>El projecte Erasmus+ Today a Reader, tomorrow a leader, va comen\u00e7ar a l\u2019octubre de 2016. Pr\u00e8viament a aquestes dates no ten\u00edem en funcionament la biblioteca del nostre centre, i per aquesta ra\u00f3 no hi ha dades. Com veiem a la gr\u00e0fica, durant l\u2019\u00faltim trimestre de 2016, marcat en verd, que va ser quan es va [&hellip;]<\/p>\n","protected":false},"author":1,"featured_media":1120,"comment_status":"open","ping_status":"closed","sticky":false,"template":"","format":"standard","meta":{"_bbp_topic_count":0,"_bbp_reply_count":0,"_bbp_total_topic_count":0,"_bbp_total_reply_count":0,"_bbp_voice_count":0,"_bbp_anonymous_reply_count":0,"_bbp_topic_count_hidden":0,"_bbp_reply_count_hidden":0,"_bbp_forum_subforum_count":0,"site-sidebar-layout":"default","site-content-layout":"","ast-site-content-layout":"","site-content-style":"default","site-sidebar-style":"default","ast-global-header-display":"","ast-banner-title-visibility":"","ast-main-header-display":"","ast-hfb-above-header-display":"","ast-hfb-below-header-display":"","ast-hfb-mobile-header-display":"","site-post-title":"","ast-breadcrumbs-content":"","ast-featured-img":"","footer-sml-layout":"","theme-transparent-header-meta":"","adv-header-id-meta":"","stick-header-meta":"","header-above-stick-meta":"","header-main-stick-meta":"","header-below-stick-meta":"","astra-migrate-meta-layouts":"default","ast-page-background-enabled":"default","ast-page-background-meta":{"desktop":{"background-color":"var(--ast-global-color-4)","background-image":"","background-repeat":"repeat","background-position":"center center","background-size":"auto","background-attachment":"scroll","background-type":"","background-media":"","overlay-type":"","overlay-color":"","overlay-opacity":"","overlay-gradient":""},"tablet":{"background-color":"","background-image":"","background-repeat":"repeat","background-position":"center center","background-size":"auto","background-attachment":"scroll","background-type":"","background-media":"","overlay-type":"","overlay-color":"","overlay-opacity":"","overlay-gradient":""},"mobile":{"background-color":"","background-image":"","background-repeat":"repeat","background-position":"center center","background-size":"auto","background-attachment":"scroll","background-type":"","background-media":"","overlay-type":"","overlay-color":"","overlay-opacity":"","overlay-gradient":""}},"ast-content-background-meta":{"desktop":{"background-color":"var(--ast-global-color-5)","background-image":"","background-repeat":"repeat","background-position":"center center","background-size":"auto","background-attachment":"scroll","background-type":"","background-media":"","overlay-type":"","overlay-color":"","overlay-opacity":"","overlay-gradient":""},"tablet":{"background-color":"var(--ast-global-color-5)","background-image":"","background-repeat":"repeat","background-position":"center center","background-size":"auto","background-attachment":"scroll","background-type":"","background-media":"","overlay-type":"","overlay-color":"","overlay-opacity":"","overlay-gradient":""},"mobile":{"background-color":"var(--ast-global-color-5)","background-image":"","background-repeat":"repeat","background-position":"center center","background-size":"auto","background-attachment":"scroll","background-type":"","background-media":"","overlay-type":"","overlay-color":"","overlay-opacity":"","overlay-gradient":""}},"footnotes":""},"categories":[31,72,4,82],"tags":[33,76],"class_list":["post-1119","post","type-post","status-publish","format-standard","has-post-thumbnail","hentry","category-biblioteca-de-lescola","category-erasmus","category-portada","category-today-a-reader","tag-biblioteca","tag-erasmus"],"post_mailing_queue_ids":[],"_links":{"self":[{"href":"https:\/\/agora.xtec.cat\/esc-pericot\/wp-json\/wp\/v2\/posts\/1119","targetHints":{"allow":["GET"]}}],"collection":[{"href":"https:\/\/agora.xtec.cat\/esc-pericot\/wp-json\/wp\/v2\/posts"}],"about":[{"href":"https:\/\/agora.xtec.cat\/esc-pericot\/wp-json\/wp\/v2\/types\/post"}],"author":[{"embeddable":true,"href":"https:\/\/agora.xtec.cat\/esc-pericot\/wp-json\/wp\/v2\/users\/1"}],"replies":[{"embeddable":true,"href":"https:\/\/agora.xtec.cat\/esc-pericot\/wp-json\/wp\/v2\/comments?post=1119"}],"version-history":[{"count":3,"href":"https:\/\/agora.xtec.cat\/esc-pericot\/wp-json\/wp\/v2\/posts\/1119\/revisions"}],"predecessor-version":[{"id":1128,"href":"https:\/\/agora.xtec.cat\/esc-pericot\/wp-json\/wp\/v2\/posts\/1119\/revisions\/1128"}],"wp:featuredmedia":[{"embeddable":true,"href":"https:\/\/agora.xtec.cat\/esc-pericot\/wp-json\/wp\/v2\/media\/1120"}],"wp:attachment":[{"href":"https:\/\/agora.xtec.cat\/esc-pericot\/wp-json\/wp\/v2\/media?parent=1119"}],"wp:term":[{"taxonomy":"category","embeddable":true,"href":"https:\/\/agora.xtec.cat\/esc-pericot\/wp-json\/wp\/v2\/categories?post=1119"},{"taxonomy":"post_tag","embeddable":true,"href":"https:\/\/agora.xtec.cat\/esc-pericot\/wp-json\/wp\/v2\/tags?post=1119"}],"curies":[{"name":"wp","href":"https:\/\/api.w.org\/{rel}","templated":true}]}}