{"id":1102,"date":"2018-09-18T17:56:09","date_gmt":"2018-09-18T15:56:09","guid":{"rendered":"http:\/\/agora.xtec.cat\/esc-pericot\/?p=1102"},"modified":"2022-07-14T18:08:19","modified_gmt":"2022-07-14T16:08:19","slug":"el-projecte-erasmus-ha-arribat-al-final-del-seu-trajecte","status":"publish","type":"post","link":"https:\/\/agora.xtec.cat\/esc-pericot\/portada\/el-projecte-erasmus-ha-arribat-al-final-del-seu-trajecte\/","title":{"rendered":"El projecte Erasmus+ ha arribat al final del seu trajecte (KA2)"},"content":{"rendered":"<figure id=\"attachment_1103\" aria-describedby=\"caption-attachment-1103\" style=\"width: 356px\" class=\"wp-caption alignright\"><a href=\"http:\/\/agora.xtec.cat\/esc-pericot\/wp-content\/uploads\/usu807\/2018\/09\/Signant.jpg\"><img loading=\"lazy\" decoding=\"async\" class=\"wp-image-1103\" src=\"http:\/\/agora.xtec.cat\/esc-pericot\/wp-content\/uploads\/usu807\/2018\/09\/Signant-1024x515.jpg\" alt=\"\" width=\"356\" height=\"179\" srcset=\"https:\/\/agora.xtec.cat\/esc-pericot\/wp-content\/uploads\/usu807\/2018\/09\/Signant-1024x515.jpg 1024w, https:\/\/agora.xtec.cat\/esc-pericot\/wp-content\/uploads\/usu807\/2018\/09\/Signant-300x151.jpg 300w, https:\/\/agora.xtec.cat\/esc-pericot\/wp-content\/uploads\/usu807\/2018\/09\/Signant-768x386.jpg 768w\" sizes=\"auto, (max-width: 356px) 100vw, 356px\" \/><\/a><figcaption id=\"caption-attachment-1103\" class=\"wp-caption-text\">Mestres signant exemplars<\/figcaption><\/figure>\n<p><a href=\"http:\/\/agora.xtec.cat\/esc-pericot\/wp-content\/uploads\/usu807\/2018\/09\/Dins.jpg\"><img loading=\"lazy\" decoding=\"async\" class=\"wp-image-1105 alignleft\" src=\"http:\/\/agora.xtec.cat\/esc-pericot\/wp-content\/uploads\/usu807\/2018\/09\/Dins-572x1024.jpg\" alt=\"\" width=\"160\" height=\"286\" srcset=\"https:\/\/agora.xtec.cat\/esc-pericot\/wp-content\/uploads\/usu807\/2018\/09\/Dins-572x1024.jpg 572w, https:\/\/agora.xtec.cat\/esc-pericot\/wp-content\/uploads\/usu807\/2018\/09\/Dins-168x300.jpg 168w, https:\/\/agora.xtec.cat\/esc-pericot\/wp-content\/uploads\/usu807\/2018\/09\/Dins-768x1374.jpg 768w, https:\/\/agora.xtec.cat\/esc-pericot\/wp-content\/uploads\/usu807\/2018\/09\/Dins.jpg 1897w\" sizes=\"auto, (max-width: 160px) 100vw, 160px\" \/><\/a>El projecte Erasmus+ <strong><em>Today a Reader, Tomorrow a Leader<\/em><\/strong> ha arribat al final del seu trajecte despr\u00e9s de dos anys. Aquesta iniciativa, cofinan\u00e7ada per el programa Erasmus+ de la Comunitat Europea s\u2019havia marcar un objectiu molt concret; augmentar el nombre de llibres que llegeixen els nostres alumnes. I ho hem aconseguit de deb\u00f2: durant el temps de durada del projecte el percentatge del pr\u00e9stec de llibres ha augmentat un quaranta per cent.<\/p>\n<p>&nbsp;<\/p>\n<p>El projecte l\u2019hem dut a terme amb escoles d\u2019Est\u00f2nia (coordinadors del projecte), B\u00e8lgica, Eslov\u00e0quia i Pol\u00f2nia. Per aconseguir el nostre objectiu, les cinc escoles participants hem anat dissenyant estrat\u00e8gies durant dos cursos que an\u00e0vem desenvolupament simult\u00e0niament, sempre encarades a l\u2019assoliment del nostre repte.<\/p>\n<p>Al llarg del projecte hem anat seguint de prop el nombre de llibres que es deixaven en pr\u00e9stec des de la nostra biblioteca aix\u00ed com els que els nostres alumnes portaven per iniciativa pr\u00f2pia per llegir conjuntament des de casa i a l\u2019escola. El n\u00famero de llibres llegits per cada pa\u00eds l\u2019an\u00e0vem registrant al nostre particular \u2018Arbre de la lectura\u2019 (<em>Reading tree<\/em>, el qual podeu consultar a la web del projecte). Paral\u00b7lelament, els nostres <em>BookTubers<\/em> feien recomanacions a trav\u00e9s de v\u00eddeos.<\/p>\n<figure id=\"attachment_1104\" aria-describedby=\"caption-attachment-1104\" style=\"width: 295px\" class=\"wp-caption alignright\"><a href=\"http:\/\/agora.xtec.cat\/esc-pericot\/wp-content\/uploads\/usu807\/2018\/09\/Portades.jpg\"><img loading=\"lazy\" decoding=\"async\" class=\"wp-image-1104\" src=\"http:\/\/agora.xtec.cat\/esc-pericot\/wp-content\/uploads\/usu807\/2018\/09\/Portades-1024x927.jpg\" alt=\"\" width=\"295\" height=\"267\" srcset=\"https:\/\/agora.xtec.cat\/esc-pericot\/wp-content\/uploads\/usu807\/2018\/09\/Portades-1024x927.jpg 1024w, https:\/\/agora.xtec.cat\/esc-pericot\/wp-content\/uploads\/usu807\/2018\/09\/Portades-300x272.jpg 300w, https:\/\/agora.xtec.cat\/esc-pericot\/wp-content\/uploads\/usu807\/2018\/09\/Portades-768x695.jpg 768w\" sizes=\"auto, (max-width: 295px) 100vw, 295px\" \/><\/a><figcaption id=\"caption-attachment-1104\" class=\"wp-caption-text\">La portada i la contraportada.<\/figcaption><\/figure>\n<p>Una altra iniciativa molt exitosa ha estat anar a llegir contes al m\u00e9s petits de la casa. Els cursos superiors han anat a les aules d\u2019infantil a llegir contes als nens i nenes d\u2019infantil. Els pares i mares del m\u00e9s petits han pogut participar venint a explicar contes a les aules. Tamb\u00e9 hem fomentat la visita d\u2019autors a les aules, les biblioteques del barri i hem fet girat activitats anuals, com l\u2019English Festival de fa dos anys, entorn del valor dels llibres.<\/p>\n<p>Aqu\u00ed teniu unes imatges de la darrera trobada de totes les escoles a V\u00f6ru, Est\u00f2nia, el passat mes de maig. Durant aquella trobada de comiat es va presentar el llibre <strong>\u2018Les aventures de l\u2019Anna i en Joan\u2019<\/strong> (<em>The Adventures of Anna and Jan<\/em>), una hist\u00f2ria de dos germans que recorren llocs emblem\u00e0tics dels pa\u00efsos o ciutats de les escoles participants a la recerca d\u2019un misteri\u00f3s personatge: Mr Inkblot. El llibre est\u00e0 editat en les cinc lleng\u00fces de les escoles participants m\u00e9s l\u2019angl\u00e8s. Un record molt adient com a cloenda d\u2019aquesta iniciativa.<\/p>\n<p>&nbsp;<\/p>\n<p>&nbsp;<\/p>\n<p><a href=\"http:\/\/agora.xtec.cat\/esc-pericot\/wp-content\/uploads\/usu807\/2018\/09\/cofinanciado.png\"><img loading=\"lazy\" decoding=\"async\" class=\"alignnone wp-image-1106\" src=\"http:\/\/agora.xtec.cat\/esc-pericot\/wp-content\/uploads\/usu807\/2018\/09\/cofinanciado-1024x249.png\" alt=\"\" width=\"599\" height=\"146\" srcset=\"https:\/\/agora.xtec.cat\/esc-pericot\/wp-content\/uploads\/usu807\/2018\/09\/cofinanciado-1024x249.png 1024w, https:\/\/agora.xtec.cat\/esc-pericot\/wp-content\/uploads\/usu807\/2018\/09\/cofinanciado-300x73.png 300w, https:\/\/agora.xtec.cat\/esc-pericot\/wp-content\/uploads\/usu807\/2018\/09\/cofinanciado-768x187.png 768w, https:\/\/agora.xtec.cat\/esc-pericot\/wp-content\/uploads\/usu807\/2018\/09\/cofinanciado.png 1659w\" sizes=\"auto, (max-width: 599px) 100vw, 599px\" \/><\/a><\/p>\n","protected":false},"excerpt":{"rendered":"<p>El projecte Erasmus+ Today a Reader, Tomorrow a Leader ha arribat al final del seu trajecte despr\u00e9s de dos anys. Aquesta iniciativa, cofinan\u00e7ada per el programa Erasmus+ de la Comunitat Europea s\u2019havia marcar un objectiu molt concret; augmentar el nombre de llibres que llegeixen els nostres alumnes. I ho hem aconseguit de deb\u00f2: durant el [&hellip;]<\/p>\n","protected":false},"author":1,"featured_media":1104,"comment_status":"open","ping_status":"closed","sticky":false,"template":"","format":"standard","meta":{"_bbp_topic_count":0,"_bbp_reply_count":0,"_bbp_total_topic_count":0,"_bbp_total_reply_count":0,"_bbp_voice_count":0,"_bbp_anonymous_reply_count":0,"_bbp_topic_count_hidden":0,"_bbp_reply_count_hidden":0,"_bbp_forum_subforum_count":0,"site-sidebar-layout":"default","site-content-layout":"","ast-site-content-layout":"","site-content-style":"default","site-sidebar-style":"default","ast-global-header-display":"","ast-banner-title-visibility":"","ast-main-header-display":"","ast-hfb-above-header-display":"","ast-hfb-below-header-display":"","ast-hfb-mobile-header-display":"","site-post-title":"","ast-breadcrumbs-content":"","ast-featured-img":"","footer-sml-layout":"","theme-transparent-header-meta":"","adv-header-id-meta":"","stick-header-meta":"","header-above-stick-meta":"","header-main-stick-meta":"","header-below-stick-meta":"","astra-migrate-meta-layouts":"default","ast-page-background-enabled":"default","ast-page-background-meta":{"desktop":{"background-color":"var(--ast-global-color-4)","background-image":"","background-repeat":"repeat","background-position":"center center","background-size":"auto","background-attachment":"scroll","background-type":"","background-media":"","overlay-type":"","overlay-color":"","overlay-opacity":"","overlay-gradient":""},"tablet":{"background-color":"","background-image":"","background-repeat":"repeat","background-position":"center center","background-size":"auto","background-attachment":"scroll","background-type":"","background-media":"","overlay-type":"","overlay-color":"","overlay-opacity":"","overlay-gradient":""},"mobile":{"background-color":"","background-image":"","background-repeat":"repeat","background-position":"center center","background-size":"auto","background-attachment":"scroll","background-type":"","background-media":"","overlay-type":"","overlay-color":"","overlay-opacity":"","overlay-gradient":""}},"ast-content-background-meta":{"desktop":{"background-color":"var(--ast-global-color-5)","background-image":"","background-repeat":"repeat","background-position":"center center","background-size":"auto","background-attachment":"scroll","background-type":"","background-media":"","overlay-type":"","overlay-color":"","overlay-opacity":"","overlay-gradient":""},"tablet":{"background-color":"var(--ast-global-color-5)","background-image":"","background-repeat":"repeat","background-position":"center center","background-size":"auto","background-attachment":"scroll","background-type":"","background-media":"","overlay-type":"","overlay-color":"","overlay-opacity":"","overlay-gradient":""},"mobile":{"background-color":"var(--ast-global-color-5)","background-image":"","background-repeat":"repeat","background-position":"center center","background-size":"auto","background-attachment":"scroll","background-type":"","background-media":"","overlay-type":"","overlay-color":"","overlay-opacity":"","overlay-gradient":""}},"footnotes":""},"categories":[31,174,72,4,82],"tags":[76,77],"class_list":["post-1102","post","type-post","status-publish","format-standard","has-post-thumbnail","hentry","category-biblioteca-de-lescola","category-english","category-erasmus","category-portada","category-today-a-reader","tag-erasmus","tag-llibres"],"post_mailing_queue_ids":[],"_links":{"self":[{"href":"https:\/\/agora.xtec.cat\/esc-pericot\/wp-json\/wp\/v2\/posts\/1102","targetHints":{"allow":["GET"]}}],"collection":[{"href":"https:\/\/agora.xtec.cat\/esc-pericot\/wp-json\/wp\/v2\/posts"}],"about":[{"href":"https:\/\/agora.xtec.cat\/esc-pericot\/wp-json\/wp\/v2\/types\/post"}],"author":[{"embeddable":true,"href":"https:\/\/agora.xtec.cat\/esc-pericot\/wp-json\/wp\/v2\/users\/1"}],"replies":[{"embeddable":true,"href":"https:\/\/agora.xtec.cat\/esc-pericot\/wp-json\/wp\/v2\/comments?post=1102"}],"version-history":[{"count":3,"href":"https:\/\/agora.xtec.cat\/esc-pericot\/wp-json\/wp\/v2\/posts\/1102\/revisions"}],"predecessor-version":[{"id":2364,"href":"https:\/\/agora.xtec.cat\/esc-pericot\/wp-json\/wp\/v2\/posts\/1102\/revisions\/2364"}],"wp:featuredmedia":[{"embeddable":true,"href":"https:\/\/agora.xtec.cat\/esc-pericot\/wp-json\/wp\/v2\/media\/1104"}],"wp:attachment":[{"href":"https:\/\/agora.xtec.cat\/esc-pericot\/wp-json\/wp\/v2\/media?parent=1102"}],"wp:term":[{"taxonomy":"category","embeddable":true,"href":"https:\/\/agora.xtec.cat\/esc-pericot\/wp-json\/wp\/v2\/categories?post=1102"},{"taxonomy":"post_tag","embeddable":true,"href":"https:\/\/agora.xtec.cat\/esc-pericot\/wp-json\/wp\/v2\/tags?post=1102"}],"curies":[{"name":"wp","href":"https:\/\/api.w.org\/{rel}","templated":true}]}}