{"id":10902,"date":"2025-09-05T13:55:33","date_gmt":"2025-09-05T11:55:33","guid":{"rendered":"https:\/\/agora.xtec.cat\/esc-pericot\/?p=10902"},"modified":"2025-09-05T21:34:26","modified_gmt":"2025-09-05T19:34:26","slug":"seguim-endavant","status":"publish","type":"post","link":"https:\/\/agora.xtec.cat\/esc-pericot\/infantil\/seguim-endavant\/","title":{"rendered":"Seguim endavant"},"content":{"rendered":"\n<p>Despr\u00e9s d\u2019un estiu ple d\u2019aventures, descans i moments especials, ha arribat el moment de retrobar-nos a l\u2019escola. Us rebem amb els bra\u00e7os oberts i amb moltes ganes de compartir un nou curs ple d\u2019aprenentatges, jocs i descobertes. Durant aquest curs, ens acompanyaran l\u2019Edna a Psicomotricitat, la Sissi a Art\u00edstica, la Roser a la SIEI, la Maria  i la Saafa d&#8217;Atenci\u00f3 a la Diversitat, la G\u00e8nia a Angl\u00e8s  i la Marta Soler a M\u00fasica.<\/p>\n\n\n\n<figure class=\"wp-block-image size-large is-resized\"><img loading=\"lazy\" decoding=\"async\" width=\"1024\" height=\"789\" src=\"https:\/\/agora.xtec.cat\/esc-pericot\/wp-content\/uploads\/usu807\/2025\/09\/4d9cef66-43ba-48c9-b3f3-d16235a6ad64-1024x789.jpg\" alt=\"\" class=\"wp-image-10913\" style=\"width:308px;height:auto\" srcset=\"https:\/\/agora.xtec.cat\/esc-pericot\/wp-content\/uploads\/usu807\/2025\/09\/4d9cef66-43ba-48c9-b3f3-d16235a6ad64-1024x789.jpg 1024w, https:\/\/agora.xtec.cat\/esc-pericot\/wp-content\/uploads\/usu807\/2025\/09\/4d9cef66-43ba-48c9-b3f3-d16235a6ad64-300x231.jpg 300w, https:\/\/agora.xtec.cat\/esc-pericot\/wp-content\/uploads\/usu807\/2025\/09\/4d9cef66-43ba-48c9-b3f3-d16235a6ad64-768x591.jpg 768w, https:\/\/agora.xtec.cat\/esc-pericot\/wp-content\/uploads\/usu807\/2025\/09\/4d9cef66-43ba-48c9-b3f3-d16235a6ad64-1536x1183.jpg 1536w, https:\/\/agora.xtec.cat\/esc-pericot\/wp-content\/uploads\/usu807\/2025\/09\/4d9cef66-43ba-48c9-b3f3-d16235a6ad64.jpg 1709w\" sizes=\"auto, (max-width: 1024px) 100vw, 1024px\" \/><\/figure>\n","protected":false},"excerpt":{"rendered":"<p>Despr\u00e9s d\u2019un estiu ple d\u2019aventures, descans i moments especials, ha arribat el moment de retrobar-nos a l\u2019escola. Us rebem amb els bra\u00e7os oberts i amb moltes ganes de compartir un nou curs ple d\u2019aprenentatges, jocs i descobertes. Durant aquest curs, ens acompanyaran l\u2019Edna a Psicomotricitat, la Sissi a Art\u00edstica, la Roser a la SIEI, la [&hellip;]<\/p>\n","protected":false},"author":11,"featured_media":10913,"comment_status":"open","ping_status":"open","sticky":false,"template":"","format":"standard","meta":{"_bbp_topic_count":0,"_bbp_reply_count":0,"_bbp_total_topic_count":0,"_bbp_total_reply_count":0,"_bbp_voice_count":0,"_bbp_anonymous_reply_count":0,"_bbp_topic_count_hidden":0,"_bbp_reply_count_hidden":0,"_bbp_forum_subforum_count":0,"site-sidebar-layout":"default","site-content-layout":"","ast-site-content-layout":"default","site-content-style":"default","site-sidebar-style":"default","ast-global-header-display":"","ast-banner-title-visibility":"","ast-main-header-display":"","ast-hfb-above-header-display":"","ast-hfb-below-header-display":"","ast-hfb-mobile-header-display":"","site-post-title":"","ast-breadcrumbs-content":"","ast-featured-img":"","footer-sml-layout":"","theme-transparent-header-meta":"","adv-header-id-meta":"","stick-header-meta":"","header-above-stick-meta":"","header-main-stick-meta":"","header-below-stick-meta":"","astra-migrate-meta-layouts":"set","ast-page-background-enabled":"default","ast-page-background-meta":{"desktop":{"background-color":"var(--ast-global-color-4)","background-image":"","background-repeat":"repeat","background-position":"center center","background-size":"auto","background-attachment":"scroll","background-type":"","background-media":"","overlay-type":"","overlay-color":"","overlay-opacity":"","overlay-gradient":""},"tablet":{"background-color":"","background-image":"","background-repeat":"repeat","background-position":"center center","background-size":"auto","background-attachment":"scroll","background-type":"","background-media":"","overlay-type":"","overlay-color":"","overlay-opacity":"","overlay-gradient":""},"mobile":{"background-color":"","background-image":"","background-repeat":"repeat","background-position":"center center","background-size":"auto","background-attachment":"scroll","background-type":"","background-media":"","overlay-type":"","overlay-color":"","overlay-opacity":"","overlay-gradient":""}},"ast-content-background-meta":{"desktop":{"background-color":"var(--ast-global-color-5)","background-image":"","background-repeat":"repeat","background-position":"center center","background-size":"auto","background-attachment":"scroll","background-type":"","background-media":"","overlay-type":"","overlay-color":"","overlay-opacity":"","overlay-gradient":""},"tablet":{"background-color":"var(--ast-global-color-5)","background-image":"","background-repeat":"repeat","background-position":"center center","background-size":"auto","background-attachment":"scroll","background-type":"","background-media":"","overlay-type":"","overlay-color":"","overlay-opacity":"","overlay-gradient":""},"mobile":{"background-color":"var(--ast-global-color-5)","background-image":"","background-repeat":"repeat","background-position":"center center","background-size":"auto","background-attachment":"scroll","background-type":"","background-media":"","overlay-type":"","overlay-color":"","overlay-opacity":"","overlay-gradient":""}},"footnotes":""},"categories":[310,2],"tags":[28,66,22],"class_list":["post-10902","post","type-post","status-publish","format-standard","has-post-thumbnail","hentry","category-23-31","category-infantil","tag-alumnes","tag-educacio-infantil","tag-escola"],"post_mailing_queue_ids":[],"_links":{"self":[{"href":"https:\/\/agora.xtec.cat\/esc-pericot\/wp-json\/wp\/v2\/posts\/10902","targetHints":{"allow":["GET"]}}],"collection":[{"href":"https:\/\/agora.xtec.cat\/esc-pericot\/wp-json\/wp\/v2\/posts"}],"about":[{"href":"https:\/\/agora.xtec.cat\/esc-pericot\/wp-json\/wp\/v2\/types\/post"}],"author":[{"embeddable":true,"href":"https:\/\/agora.xtec.cat\/esc-pericot\/wp-json\/wp\/v2\/users\/11"}],"replies":[{"embeddable":true,"href":"https:\/\/agora.xtec.cat\/esc-pericot\/wp-json\/wp\/v2\/comments?post=10902"}],"version-history":[{"count":4,"href":"https:\/\/agora.xtec.cat\/esc-pericot\/wp-json\/wp\/v2\/posts\/10902\/revisions"}],"predecessor-version":[{"id":10915,"href":"https:\/\/agora.xtec.cat\/esc-pericot\/wp-json\/wp\/v2\/posts\/10902\/revisions\/10915"}],"wp:featuredmedia":[{"embeddable":true,"href":"https:\/\/agora.xtec.cat\/esc-pericot\/wp-json\/wp\/v2\/media\/10913"}],"wp:attachment":[{"href":"https:\/\/agora.xtec.cat\/esc-pericot\/wp-json\/wp\/v2\/media?parent=10902"}],"wp:term":[{"taxonomy":"category","embeddable":true,"href":"https:\/\/agora.xtec.cat\/esc-pericot\/wp-json\/wp\/v2\/categories?post=10902"},{"taxonomy":"post_tag","embeddable":true,"href":"https:\/\/agora.xtec.cat\/esc-pericot\/wp-json\/wp\/v2\/tags?post=10902"}],"curies":[{"name":"wp","href":"https:\/\/api.w.org\/{rel}","templated":true}]}}