{"id":10285,"date":"2025-05-15T16:25:48","date_gmt":"2025-05-15T14:25:48","guid":{"rendered":"https:\/\/agora.xtec.cat\/esc-pericot\/?p=10285"},"modified":"2025-06-02T13:47:28","modified_gmt":"2025-06-02T11:47:28","slug":"sant-jordi-punt-i-seguit","status":"publish","type":"post","link":"https:\/\/agora.xtec.cat\/esc-pericot\/16-24\/sant-jordi-punt-i-seguit\/","title":{"rendered":"Sant Jordi, punt i seguit&#8230;"},"content":{"rendered":"\n<p>Com ja \u00e9s tradici\u00f3 a cicle superior, quan s&#8217;apropa la diada de Sant Jordi, preparem un concurs d&#8217;orat\u00f2ria i els jocs florals, els quals consisteixen a escriure un poema. Per\u00f2, aix\u00f2 no acaba aqu\u00ed, ja que despr\u00e9s d&#8217;aquesta festivitat on les paraules i les lletres s\u00f3n les protagonistes, els alumnes continuen treballant la poesia.<\/p>\n\n\n\n<p>Com ho preparem a l&#8217;escola i com ho viuen els alumnes? Us ho expliquem!<\/p>\n\n\n\n<p>En primer lloc, setmanes abans de Sant Jordi comencem a treballar la poesia. Analitzem les rimes, el ritme, les figures ret\u00f2riques, observem diferents poesies com els haikus, acr\u00f2stics, limericks i llegim poemes a tall d&#8217;exemple per donar models als nens i nenes, estudiem les seves caracter\u00edstiques&#8230; A m\u00e9s, aquest any, la G\u00e8nia ens va fer un petit tastet de poesia! En definitiva, els poetes impregnen el dia a dia a l&#8217;aula i tamb\u00e9 els deures de casa.<\/p>\n\n\n\n<p>El resultat? Aquests poemes tan bonics que transmeten emocions i idees! Esperem que us agradin! <a href=\"https:\/\/docs.google.com\/document\/d\/1XB9nG1TxLsOfZs4VEBerLLb396N-2legfRMF6jCWuoE\/edit?usp=sharing\" data-type=\"link\" data-id=\"https:\/\/docs.google.com\/document\/d\/1XB9nG1TxLsOfZs4VEBerLLb396N-2legfRMF6jCWuoE\/edit?usp=sharing\">Poemes de sis\u00e8<\/a><\/p>\n\n\n\n<div class=\"wp-block-columns is-layout-flex wp-container-core-columns-is-layout-1 wp-block-columns-is-layout-flex\">\n<div class=\"wp-block-column is-layout-flow wp-block-column-is-layout-flow\" style=\"flex-basis:33.33%\">\n<figure class=\"wp-block-image size-large\"><img loading=\"lazy\" decoding=\"async\" width=\"768\" height=\"1024\" src=\"https:\/\/agora.xtec.cat\/esc-pericot\/wp-content\/uploads\/usu807\/2025\/05\/IMG_7788-1-768x1024.jpg\" alt=\"\" class=\"wp-image-10336\" srcset=\"https:\/\/agora.xtec.cat\/esc-pericot\/wp-content\/uploads\/usu807\/2025\/05\/IMG_7788-1-768x1024.jpg 768w, https:\/\/agora.xtec.cat\/esc-pericot\/wp-content\/uploads\/usu807\/2025\/05\/IMG_7788-1-225x300.jpg 225w, https:\/\/agora.xtec.cat\/esc-pericot\/wp-content\/uploads\/usu807\/2025\/05\/IMG_7788-1-1152x1536.jpg 1152w, https:\/\/agora.xtec.cat\/esc-pericot\/wp-content\/uploads\/usu807\/2025\/05\/IMG_7788-1.jpg 1512w\" sizes=\"auto, (max-width: 768px) 100vw, 768px\" \/><\/figure>\n<\/div>\n\n\n\n<div class=\"wp-block-column is-layout-flow wp-block-column-is-layout-flow\" style=\"flex-basis:66.66%\">\n<p>De manera paral\u00b7lela treballem el concurs d&#8217;orat\u00f2ria. L&#8217;objectiu d&#8217;aquest \u00e9s preparar una presentaci\u00f3 oral sobre un tema escollit per l&#8217;alumne, on s&#8217;avaluar\u00e0 l&#8217;estructura del text oral, la postura corporal, l&#8217;entonaci\u00f3, el to de veu, la vocalitzaci\u00f3 i el domina del tema. El dia de la presentaci\u00f3 s\u00f3n els alumnes qui avaluen als seus companys\/es despr\u00e9s de cada orat\u00f2ria tenint en compte els criteris citats. Els tres finalistes de cada classe, \u00e9s a dir, els que millor puntuaci\u00f3 tenen, fan la seva exposici\u00f3 davant d&#8217;un jurat format per mestres el mateix dia de Sant Jordi. Compartim amb vosaltres qu\u00e8 pensen els alumnes de l&#8217;orat\u00f2ria i un petit exemple dels finalistes! <a href=\"https:\/\/drive.google.com\/drive\/folders\/1-18c0PhiLnVspfcPhHCpDnw66mP_gldp?usp=drive_link\" data-type=\"link\" data-id=\"https:\/\/drive.google.com\/drive\/folders\/1-18c0PhiLnVspfcPhHCpDnw66mP_gldp?usp=drive_link\">Orat\u00f2ries<\/a> <\/p>\n\n\n\n<p>En M. B. diu: &#8220;<em>a mi m\u2019agrada l\u2019orat\u00f2ria perqu\u00e8 et fa treure la por de parlar en p\u00fablic, tamb\u00e9 perqu\u00e8 aprens moltes coses sobre el tema que parles i sobre el tema que parlen els altres. Com que \u00e9s un concurs, la majoria de les persones s\u2019esforcen molt per guanyar. A mi, al principi em feia por equivocar-me, per\u00f2 el millor \u00e9s treure la por i passar-to b\u00e9.<\/em>&#8221; <\/p>\n\n\n\n<p>L&#8217;E. C. explica que: &#8220;<em>m&#8217;ha agradat l&#8217;orat\u00f2ria perqu\u00e8 he parlat sobre l&#8217;orat\u00f2ria, ha sigut \u00fatil perqu\u00e8 ja no tinc tanta por en fer una presentaci\u00f3. Em va fer sentir alleugeriment, em va ser molt important, imaginat que tu ets un guanyador, has de fer la teva orat\u00f2ria davant de tota l&#8217;escola. Crec que tots els alumnes posen tot l&#8217;empeny en l&#8217;orat\u00f2ria per no sentir-se angoixats<\/em>&#8220;.<\/p>\n<\/div>\n<\/div>\n\n\n\n<p>La T. P. menciona que: &#8220;<em>m\u2019agrada escoltar nous temes que no conec. Ajuda a parlar en p\u00fablic perqu\u00e8 en moltes situacions hem de parlar en p\u00fablic, i per aix\u00f2, \u00e9s \u00fatil. Per mi l\u2019orat\u00f2ria \u00e9s saber parlar b\u00e9 davant de la gent, explicar idees sense por i fer que t\u2019escoltin i t\u2019entenguin<\/em>&#8220;.<\/p>\n\n\n\n<p>Ara b\u00e9, el treball de la poesia no acaba amb Sant Jordi, des de fa uns anys, tamb\u00e9 celebrem un concurs de recitar poesia en castell\u00e0. Els alumnes s&#8217;aprenen un poema, el memoritzen i el reciten. L&#8217;emoci\u00f3, l&#8217;entonaci\u00f3, la fidelitzaci\u00f3 al poema&#8230; s\u00f3n criteris que s&#8217;utilitzen en el concurs per avaluar als alumnes, els quals, tamb\u00e9 es puntuen entre ells! Aquest any, a m\u00e9s, han tingut l&#8217;oportunitat de recitar el seu propi poema, ja que hem continuat treballant la poesia en castell\u00e0 i n&#8217;hem elaborat una! Compartim amb vosaltres un petit tastet! <a href=\"https:\/\/docs.google.com\/document\/d\/1pj0nGQXeO3DCtz9mdH6vFe47ChMV-ozSdrqudR1GxrA\/edit?usp=sharing\">Poemes en castell\u00e0<\/a><\/p>\n\n\n\n<p><\/p>\n","protected":false},"excerpt":{"rendered":"<p>Com ja \u00e9s tradici\u00f3 a cicle superior, quan s&#8217;apropa la diada de Sant Jordi, preparem un concurs d&#8217;orat\u00f2ria i els jocs florals, els quals consisteixen a escriure un poema. Per\u00f2, aix\u00f2 no acaba aqu\u00ed, ja que despr\u00e9s d&#8217;aquesta festivitat on les paraules i les lletres s\u00f3n les protagonistes, els alumnes continuen treballant la poesia. Com [&hellip;]<\/p>\n","protected":false},"author":9,"featured_media":10332,"comment_status":"open","ping_status":"open","sticky":false,"template":"","format":"standard","meta":{"_bbp_topic_count":0,"_bbp_reply_count":0,"_bbp_total_topic_count":0,"_bbp_total_reply_count":0,"_bbp_voice_count":0,"_bbp_anonymous_reply_count":0,"_bbp_topic_count_hidden":0,"_bbp_reply_count_hidden":0,"_bbp_forum_subforum_count":0,"site-sidebar-layout":"default","site-content-layout":"","ast-site-content-layout":"","site-content-style":"default","site-sidebar-style":"default","ast-global-header-display":"","ast-banner-title-visibility":"","ast-main-header-display":"","ast-hfb-above-header-display":"","ast-hfb-below-header-display":"","ast-hfb-mobile-header-display":"","site-post-title":"","ast-breadcrumbs-content":"","ast-featured-img":"","footer-sml-layout":"","theme-transparent-header-meta":"","adv-header-id-meta":"","stick-header-meta":"","header-above-stick-meta":"","header-main-stick-meta":"","header-below-stick-meta":"","astra-migrate-meta-layouts":"default","ast-page-background-enabled":"default","ast-page-background-meta":{"desktop":{"background-color":"var(--ast-global-color-4)","background-image":"","background-repeat":"repeat","background-position":"center center","background-size":"auto","background-attachment":"scroll","background-type":"","background-media":"","overlay-type":"","overlay-color":"","overlay-opacity":"","overlay-gradient":""},"tablet":{"background-color":"","background-image":"","background-repeat":"repeat","background-position":"center center","background-size":"auto","background-attachment":"scroll","background-type":"","background-media":"","overlay-type":"","overlay-color":"","overlay-opacity":"","overlay-gradient":""},"mobile":{"background-color":"","background-image":"","background-repeat":"repeat","background-position":"center center","background-size":"auto","background-attachment":"scroll","background-type":"","background-media":"","overlay-type":"","overlay-color":"","overlay-opacity":"","overlay-gradient":""}},"ast-content-background-meta":{"desktop":{"background-color":"var(--ast-global-color-5)","background-image":"","background-repeat":"repeat","background-position":"center center","background-size":"auto","background-attachment":"scroll","background-type":"","background-media":"","overlay-type":"","overlay-color":"","overlay-opacity":"","overlay-gradient":""},"tablet":{"background-color":"var(--ast-global-color-5)","background-image":"","background-repeat":"repeat","background-position":"center center","background-size":"auto","background-attachment":"scroll","background-type":"","background-media":"","overlay-type":"","overlay-color":"","overlay-opacity":"","overlay-gradient":""},"mobile":{"background-color":"var(--ast-global-color-5)","background-image":"","background-repeat":"repeat","background-position":"center center","background-size":"auto","background-attachment":"scroll","background-type":"","background-media":"","overlay-type":"","overlay-color":"","overlay-opacity":"","overlay-gradient":""}},"footnotes":""},"categories":[12],"tags":[35,26,27],"class_list":["post-10285","post","type-post","status-publish","format-standard","has-post-thumbnail","hentry","category-16-24","tag-cicle-superior","tag-festes","tag-sant-jordi"],"post_mailing_queue_ids":[],"_links":{"self":[{"href":"https:\/\/agora.xtec.cat\/esc-pericot\/wp-json\/wp\/v2\/posts\/10285","targetHints":{"allow":["GET"]}}],"collection":[{"href":"https:\/\/agora.xtec.cat\/esc-pericot\/wp-json\/wp\/v2\/posts"}],"about":[{"href":"https:\/\/agora.xtec.cat\/esc-pericot\/wp-json\/wp\/v2\/types\/post"}],"author":[{"embeddable":true,"href":"https:\/\/agora.xtec.cat\/esc-pericot\/wp-json\/wp\/v2\/users\/9"}],"replies":[{"embeddable":true,"href":"https:\/\/agora.xtec.cat\/esc-pericot\/wp-json\/wp\/v2\/comments?post=10285"}],"version-history":[{"count":6,"href":"https:\/\/agora.xtec.cat\/esc-pericot\/wp-json\/wp\/v2\/posts\/10285\/revisions"}],"predecessor-version":[{"id":10357,"href":"https:\/\/agora.xtec.cat\/esc-pericot\/wp-json\/wp\/v2\/posts\/10285\/revisions\/10357"}],"wp:featuredmedia":[{"embeddable":true,"href":"https:\/\/agora.xtec.cat\/esc-pericot\/wp-json\/wp\/v2\/media\/10332"}],"wp:attachment":[{"href":"https:\/\/agora.xtec.cat\/esc-pericot\/wp-json\/wp\/v2\/media?parent=10285"}],"wp:term":[{"taxonomy":"category","embeddable":true,"href":"https:\/\/agora.xtec.cat\/esc-pericot\/wp-json\/wp\/v2\/categories?post=10285"},{"taxonomy":"post_tag","embeddable":true,"href":"https:\/\/agora.xtec.cat\/esc-pericot\/wp-json\/wp\/v2\/tags?post=10285"}],"curies":[{"name":"wp","href":"https:\/\/api.w.org\/{rel}","templated":true}]}}