{"id":10107,"date":"2025-03-26T16:25:08","date_gmt":"2025-03-26T15:25:08","guid":{"rendered":"https:\/\/agora.xtec.cat\/esc-pericot\/?p=10107"},"modified":"2025-04-03T12:44:43","modified_gmt":"2025-04-03T10:44:43","slug":"el-contes-motor","status":"publish","type":"post","link":"https:\/\/agora.xtec.cat\/esc-pericot\/infantil\/el-contes-motor\/","title":{"rendered":"Els contes motors"},"content":{"rendered":"\n<p class=\"has-small-font-size\">Una de les eines pedag\u00f2giques que fem servir a les hores de psicomotricitat d\u2019infantil \u00e9s el conte motor. Aquests contes combinen la narrativa i la m\u00fasica amb el moviment,\u00a0 tot afavorint el desenvolupament motor, emocional i cognitiu i fomentant la socialitzaci\u00f3, la coordinaci\u00f3 i la creativitat dels infants. I a m\u00e9s, els m\u00e9s menuts s\u00f3n protagonistes del conte tot promovent la seva autonomia, la consci\u00e8ncia corporal i treball en grup.<\/p>\n\n\n\n<h3 class=\"wp-block-heading\"><strong>Beneficis dels Contes Motors<\/strong><\/h3>\n\n\n\n<ol class=\"wp-block-list\">\n<li class=\"has-small-font-size\"><strong>Desenvolupament motor<\/strong>: Mitjan\u00e7ant la interpretaci\u00f3 dels personatges i les accions de la hist\u00f2ria, els infants milloren la seva coordinaci\u00f3, equilibri i lateralitat.<\/li>\n\n\n\n<li class=\"has-small-font-size\"><strong>Estimulaci\u00f3 de la imaginaci\u00f3<\/strong>: Els contes motors fomenten la creativitat i la capacitat simb\u00f2lica dels nens, transportant-los a mons imaginaris a trav\u00e9s del moviment.<\/li>\n\n\n\n<li class=\"has-small-font-size\"><strong>Treball en equip i socialitzaci\u00f3<\/strong>: En participar junts en una hist\u00f2ria, els infants aprenen a respectar torns, cooperar i comunicar-se amb els altres.<\/li>\n\n\n\n<li class=\"has-small-font-size\"><strong>Millora de l\u2019expressi\u00f3 corporal<\/strong>: A trav\u00e9s de la representaci\u00f3 d\u2019emocions i accions, els infants aprenen a expressar-se millor amb el seu cos.<\/li>\n<\/ol>\n\n\n\n<p class=\"has-small-font-size\">Aqu\u00ed teniu una mostra, per\u00f2 us animem que entreu a les promocions dels diversos cursos amb els usuaris i contrasenyes dels vostres fills i filles i veure fotos de les diferents sessions de psicomotricitat.<\/p>\n\n\n\n<figure class=\"wp-block-gallery has-nested-images columns-default is-cropped wp-block-gallery-1 is-layout-flex wp-block-gallery-is-layout-flex\">\n<figure class=\"wp-block-image size-large\"><img loading=\"lazy\" decoding=\"async\" width=\"1024\" height=\"662\" data-id=\"10112\" src=\"https:\/\/agora.xtec.cat\/esc-pericot\/wp-content\/uploads\/usu807\/2025\/03\/20250120_151758-1-1024x662.jpg\" alt=\"\" class=\"wp-image-10112\" srcset=\"https:\/\/agora.xtec.cat\/esc-pericot\/wp-content\/uploads\/usu807\/2025\/03\/20250120_151758-1-1024x662.jpg 1024w, https:\/\/agora.xtec.cat\/esc-pericot\/wp-content\/uploads\/usu807\/2025\/03\/20250120_151758-1-300x194.jpg 300w, https:\/\/agora.xtec.cat\/esc-pericot\/wp-content\/uploads\/usu807\/2025\/03\/20250120_151758-1-768x497.jpg 768w, https:\/\/agora.xtec.cat\/esc-pericot\/wp-content\/uploads\/usu807\/2025\/03\/20250120_151758-1-1536x993.jpg 1536w, https:\/\/agora.xtec.cat\/esc-pericot\/wp-content\/uploads\/usu807\/2025\/03\/20250120_151758-1-2048x1324.jpg 2048w\" sizes=\"auto, (max-width: 1024px) 100vw, 1024px\" \/><\/figure>\n\n\n\n<figure class=\"wp-block-image size-large\"><img loading=\"lazy\" decoding=\"async\" width=\"1024\" height=\"687\" data-id=\"10113\" src=\"https:\/\/agora.xtec.cat\/esc-pericot\/wp-content\/uploads\/usu807\/2025\/03\/20250213_101037-1-1024x687.jpg\" alt=\"\" class=\"wp-image-10113\" srcset=\"https:\/\/agora.xtec.cat\/esc-pericot\/wp-content\/uploads\/usu807\/2025\/03\/20250213_101037-1-1024x687.jpg 1024w, https:\/\/agora.xtec.cat\/esc-pericot\/wp-content\/uploads\/usu807\/2025\/03\/20250213_101037-1-300x201.jpg 300w, https:\/\/agora.xtec.cat\/esc-pericot\/wp-content\/uploads\/usu807\/2025\/03\/20250213_101037-1-768x515.jpg 768w, https:\/\/agora.xtec.cat\/esc-pericot\/wp-content\/uploads\/usu807\/2025\/03\/20250213_101037-1-1536x1030.jpg 1536w, https:\/\/agora.xtec.cat\/esc-pericot\/wp-content\/uploads\/usu807\/2025\/03\/20250213_101037-1-2048x1373.jpg 2048w\" sizes=\"auto, (max-width: 1024px) 100vw, 1024px\" \/><\/figure>\n\n\n\n<figure class=\"wp-block-image size-large\"><img loading=\"lazy\" decoding=\"async\" width=\"1024\" height=\"461\" data-id=\"10115\" src=\"https:\/\/agora.xtec.cat\/esc-pericot\/wp-content\/uploads\/usu807\/2025\/03\/20250117_161720-1-1024x461.jpg\" alt=\"\" class=\"wp-image-10115\" srcset=\"https:\/\/agora.xtec.cat\/esc-pericot\/wp-content\/uploads\/usu807\/2025\/03\/20250117_161720-1-1024x461.jpg 1024w, https:\/\/agora.xtec.cat\/esc-pericot\/wp-content\/uploads\/usu807\/2025\/03\/20250117_161720-1-300x135.jpg 300w, https:\/\/agora.xtec.cat\/esc-pericot\/wp-content\/uploads\/usu807\/2025\/03\/20250117_161720-1-768x346.jpg 768w, https:\/\/agora.xtec.cat\/esc-pericot\/wp-content\/uploads\/usu807\/2025\/03\/20250117_161720-1-1536x691.jpg 1536w, https:\/\/agora.xtec.cat\/esc-pericot\/wp-content\/uploads\/usu807\/2025\/03\/20250117_161720-1-2048x922.jpg 2048w\" sizes=\"auto, (max-width: 1024px) 100vw, 1024px\" \/><\/figure>\n\n\n\n<figure class=\"wp-block-image size-large\"><img loading=\"lazy\" decoding=\"async\" width=\"1024\" height=\"461\" data-id=\"10114\" src=\"https:\/\/agora.xtec.cat\/esc-pericot\/wp-content\/uploads\/usu807\/2025\/03\/20250218_100543-1-1024x461.jpg\" alt=\"\" class=\"wp-image-10114\" srcset=\"https:\/\/agora.xtec.cat\/esc-pericot\/wp-content\/uploads\/usu807\/2025\/03\/20250218_100543-1-1024x461.jpg 1024w, https:\/\/agora.xtec.cat\/esc-pericot\/wp-content\/uploads\/usu807\/2025\/03\/20250218_100543-1-300x135.jpg 300w, https:\/\/agora.xtec.cat\/esc-pericot\/wp-content\/uploads\/usu807\/2025\/03\/20250218_100543-1-768x346.jpg 768w, https:\/\/agora.xtec.cat\/esc-pericot\/wp-content\/uploads\/usu807\/2025\/03\/20250218_100543-1-1536x691.jpg 1536w, https:\/\/agora.xtec.cat\/esc-pericot\/wp-content\/uploads\/usu807\/2025\/03\/20250218_100543-1-2048x922.jpg 2048w\" sizes=\"auto, (max-width: 1024px) 100vw, 1024px\" \/><\/figure>\n<\/figure>\n","protected":false},"excerpt":{"rendered":"<p>Una de les eines pedag\u00f2giques que fem servir a les hores de psicomotricitat d\u2019infantil \u00e9s el conte motor. Aquests contes combinen la narrativa i la m\u00fasica amb el moviment,\u00a0 tot afavorint el desenvolupament motor, emocional i cognitiu i fomentant la socialitzaci\u00f3, la coordinaci\u00f3 i la creativitat dels infants. I a m\u00e9s, els m\u00e9s menuts s\u00f3n [&hellip;]<\/p>\n","protected":false},"author":13,"featured_media":10111,"comment_status":"open","ping_status":"open","sticky":false,"template":"","format":"standard","meta":{"_bbp_topic_count":0,"_bbp_reply_count":0,"_bbp_total_topic_count":0,"_bbp_total_reply_count":0,"_bbp_voice_count":0,"_bbp_anonymous_reply_count":0,"_bbp_topic_count_hidden":0,"_bbp_reply_count_hidden":0,"_bbp_forum_subforum_count":0,"site-sidebar-layout":"default","site-content-layout":"","ast-site-content-layout":"","site-content-style":"default","site-sidebar-style":"default","ast-global-header-display":"","ast-banner-title-visibility":"","ast-main-header-display":"","ast-hfb-above-header-display":"","ast-hfb-below-header-display":"","ast-hfb-mobile-header-display":"","site-post-title":"","ast-breadcrumbs-content":"","ast-featured-img":"","footer-sml-layout":"","theme-transparent-header-meta":"","adv-header-id-meta":"","stick-header-meta":"","header-above-stick-meta":"","header-main-stick-meta":"","header-below-stick-meta":"","astra-migrate-meta-layouts":"default","ast-page-background-enabled":"default","ast-page-background-meta":{"desktop":{"background-color":"var(--ast-global-color-4)","background-image":"","background-repeat":"repeat","background-position":"center center","background-size":"auto","background-attachment":"scroll","background-type":"","background-media":"","overlay-type":"","overlay-color":"","overlay-opacity":"","overlay-gradient":""},"tablet":{"background-color":"","background-image":"","background-repeat":"repeat","background-position":"center center","background-size":"auto","background-attachment":"scroll","background-type":"","background-media":"","overlay-type":"","overlay-color":"","overlay-opacity":"","overlay-gradient":""},"mobile":{"background-color":"","background-image":"","background-repeat":"repeat","background-position":"center center","background-size":"auto","background-attachment":"scroll","background-type":"","background-media":"","overlay-type":"","overlay-color":"","overlay-opacity":"","overlay-gradient":""}},"ast-content-background-meta":{"desktop":{"background-color":"var(--ast-global-color-5)","background-image":"","background-repeat":"repeat","background-position":"center center","background-size":"auto","background-attachment":"scroll","background-type":"","background-media":"","overlay-type":"","overlay-color":"","overlay-opacity":"","overlay-gradient":""},"tablet":{"background-color":"var(--ast-global-color-5)","background-image":"","background-repeat":"repeat","background-position":"center center","background-size":"auto","background-attachment":"scroll","background-type":"","background-media":"","overlay-type":"","overlay-color":"","overlay-opacity":"","overlay-gradient":""},"mobile":{"background-color":"var(--ast-global-color-5)","background-image":"","background-repeat":"repeat","background-position":"center center","background-size":"auto","background-attachment":"scroll","background-type":"","background-media":"","overlay-type":"","overlay-color":"","overlay-opacity":"","overlay-gradient":""}},"footnotes":""},"categories":[264,335,310,2,4],"tags":[66,22,309,351,238,228,18],"class_list":["post-10107","post","type-post","status-publish","format-standard","has-post-thumbnail","hentry","category-22-30","category-24-32","category-23-31","category-infantil","category-portada","tag-educacio-infantil","tag-escola","tag-i3","tag-i4","tag-i5","tag-infantil","tag-psicomotricitat"],"post_mailing_queue_ids":[],"_links":{"self":[{"href":"https:\/\/agora.xtec.cat\/esc-pericot\/wp-json\/wp\/v2\/posts\/10107","targetHints":{"allow":["GET"]}}],"collection":[{"href":"https:\/\/agora.xtec.cat\/esc-pericot\/wp-json\/wp\/v2\/posts"}],"about":[{"href":"https:\/\/agora.xtec.cat\/esc-pericot\/wp-json\/wp\/v2\/types\/post"}],"author":[{"embeddable":true,"href":"https:\/\/agora.xtec.cat\/esc-pericot\/wp-json\/wp\/v2\/users\/13"}],"replies":[{"embeddable":true,"href":"https:\/\/agora.xtec.cat\/esc-pericot\/wp-json\/wp\/v2\/comments?post=10107"}],"version-history":[{"count":2,"href":"https:\/\/agora.xtec.cat\/esc-pericot\/wp-json\/wp\/v2\/posts\/10107\/revisions"}],"predecessor-version":[{"id":10117,"href":"https:\/\/agora.xtec.cat\/esc-pericot\/wp-json\/wp\/v2\/posts\/10107\/revisions\/10117"}],"wp:featuredmedia":[{"embeddable":true,"href":"https:\/\/agora.xtec.cat\/esc-pericot\/wp-json\/wp\/v2\/media\/10111"}],"wp:attachment":[{"href":"https:\/\/agora.xtec.cat\/esc-pericot\/wp-json\/wp\/v2\/media?parent=10107"}],"wp:term":[{"taxonomy":"category","embeddable":true,"href":"https:\/\/agora.xtec.cat\/esc-pericot\/wp-json\/wp\/v2\/categories?post=10107"},{"taxonomy":"post_tag","embeddable":true,"href":"https:\/\/agora.xtec.cat\/esc-pericot\/wp-json\/wp\/v2\/tags?post=10107"}],"curies":[{"name":"wp","href":"https:\/\/api.w.org\/{rel}","templated":true}]}}