{"id":6393,"date":"2025-12-01T11:01:59","date_gmt":"2025-12-01T10:01:59","guid":{"rendered":"https:\/\/agora.xtec.cat\/esc-pauvilabcn\/?p=6393"},"modified":"2026-02-02T10:20:23","modified_gmt":"2026-02-02T09:20:23","slug":"descobrint-cooperant-i-movent-nos-aixi-vivim-leducacio-fisica-a-primaria","status":"publish","type":"post","link":"https:\/\/agora.xtec.cat\/esc-pauvilabcn\/general\/descobrint-cooperant-i-movent-nos-aixi-vivim-leducacio-fisica-a-primaria\/","title":{"rendered":"Descobrint, cooperant i movent-nos: aix\u00ed vivim l\u2019Educaci\u00f3 F\u00edsica a Prim\u00e0ria"},"content":{"rendered":"<p data-start=\"165\" data-end=\"519\">A la sessi\u00f3 d\u2019Educaci\u00f3 F\u00edsica de 2n de la setmana passada, el nostre alumnat ha participat en diferents activitats de cooperaci\u00f3 utilitzant c\u00e8rcols com a element central del joc. A trav\u00e9s de reptes motrius compartits, han posat en pr\u00e0ctica habilitats essencials com la comunicaci\u00f3, el respecte, la presa de decisions en equip i la resoluci\u00f3 creativa de situacions.<\/p>\n<p data-start=\"521\" data-end=\"760\">M\u00e9s enll\u00e0 del moviment, aquests jocs ofereixen moments de complicitat i d\u2019aprenentatge emocional. Quan els nens i nenes cooperen, s\u2019ajuden, riuen i descobreixen que junts poden aconseguir all\u00f2 que, individualment, seria molt m\u00e9s dif\u00edcil.<\/p>\n<p data-start=\"762\" data-end=\"996\">Aquest tipus de din\u00e0miques formen part del nostre comprom\u00eds amb una Educaci\u00f3 F\u00edsica integral: una educaci\u00f3 que impulsa el desenvolupament f\u00edsic, per\u00f2 tamb\u00e9 els valors, els vincles i les viv\u00e8ncies que fan cr\u00e9ixer el grup i cada alumne.<\/p>\n<p data-start=\"762\" data-end=\"996\"><img loading=\"lazy\" decoding=\"async\" class=\"aligncenter size-full wp-image-6395\" src=\"https:\/\/agora.xtec.cat\/esc-pauvilabcn\/wp-content\/uploads\/usu1190\/2025\/12\/WhatsApp-Image-2025-12-01-at-10.50.41-2.jpeg\" alt=\"\" width=\"2040\" height=\"1536\" srcset=\"https:\/\/agora.xtec.cat\/esc-pauvilabcn\/wp-content\/uploads\/usu1190\/2025\/12\/WhatsApp-Image-2025-12-01-at-10.50.41-2.jpeg 2040w, https:\/\/agora.xtec.cat\/esc-pauvilabcn\/wp-content\/uploads\/usu1190\/2025\/12\/WhatsApp-Image-2025-12-01-at-10.50.41-2-300x226.jpeg 300w, https:\/\/agora.xtec.cat\/esc-pauvilabcn\/wp-content\/uploads\/usu1190\/2025\/12\/WhatsApp-Image-2025-12-01-at-10.50.41-2-1024x771.jpeg 1024w, https:\/\/agora.xtec.cat\/esc-pauvilabcn\/wp-content\/uploads\/usu1190\/2025\/12\/WhatsApp-Image-2025-12-01-at-10.50.41-2-768x578.jpeg 768w, https:\/\/agora.xtec.cat\/esc-pauvilabcn\/wp-content\/uploads\/usu1190\/2025\/12\/WhatsApp-Image-2025-12-01-at-10.50.41-2-1536x1157.jpeg 1536w, https:\/\/agora.xtec.cat\/esc-pauvilabcn\/wp-content\/uploads\/usu1190\/2025\/12\/WhatsApp-Image-2025-12-01-at-10.50.41-2-200x150.jpeg 200w\" sizes=\"auto, (max-width: 2040px) 100vw, 2040px\" \/> <img loading=\"lazy\" decoding=\"async\" class=\"aligncenter size-full wp-image-6394\" src=\"https:\/\/agora.xtec.cat\/esc-pauvilabcn\/wp-content\/uploads\/usu1190\/2025\/12\/WhatsApp-Image-2025-12-01-at-10.50.41.jpeg\" alt=\"\" width=\"1536\" height=\"2040\" srcset=\"https:\/\/agora.xtec.cat\/esc-pauvilabcn\/wp-content\/uploads\/usu1190\/2025\/12\/WhatsApp-Image-2025-12-01-at-10.50.41.jpeg 1536w, https:\/\/agora.xtec.cat\/esc-pauvilabcn\/wp-content\/uploads\/usu1190\/2025\/12\/WhatsApp-Image-2025-12-01-at-10.50.41-226x300.jpeg 226w, https:\/\/agora.xtec.cat\/esc-pauvilabcn\/wp-content\/uploads\/usu1190\/2025\/12\/WhatsApp-Image-2025-12-01-at-10.50.41-771x1024.jpeg 771w, https:\/\/agora.xtec.cat\/esc-pauvilabcn\/wp-content\/uploads\/usu1190\/2025\/12\/WhatsApp-Image-2025-12-01-at-10.50.41-768x1020.jpeg 768w, https:\/\/agora.xtec.cat\/esc-pauvilabcn\/wp-content\/uploads\/usu1190\/2025\/12\/WhatsApp-Image-2025-12-01-at-10.50.41-1157x1536.jpeg 1157w\" sizes=\"auto, (max-width: 1536px) 100vw, 1536px\" \/><\/p>\n","protected":false},"excerpt":{"rendered":"<p>A la sessi\u00f3 d\u2019Educaci\u00f3 F\u00edsica de 2n de la setmana passada, el nostre alumnat ha participat en diferents activitats de cooperaci\u00f3 utilitzant c\u00e8rcols com a element central del joc. A trav\u00e9s de reptes motrius compartits, han posat en pr\u00e0ctica habilitats essencials com la comunicaci\u00f3, el&hellip;  <a href=\"https:\/\/agora.xtec.cat\/esc-pauvilabcn\/general\/descobrint-cooperant-i-movent-nos-aixi-vivim-leducacio-fisica-a-primaria\/\" title=\"Read Descobrint, cooperant i movent-nos: aix\u00ed vivim l\u2019Educaci\u00f3 F\u00edsica a Prim\u00e0ria\">Llegeix m\u00e9s\u00bb<\/a><\/p>\n","protected":false},"author":1,"featured_media":6396,"comment_status":"closed","ping_status":"open","sticky":false,"template":"","format":"standard","meta":{"_bbp_topic_count":0,"_bbp_reply_count":0,"_bbp_total_topic_count":0,"_bbp_total_reply_count":0,"_bbp_voice_count":0,"_bbp_anonymous_reply_count":0,"_bbp_topic_count_hidden":0,"_bbp_reply_count_hidden":0,"_bbp_forum_subforum_count":0,"footnotes":""},"categories":[94,11,1,4,5],"tags":[],"class_list":["post-6393","post","type-post","status-publish","format-standard","has-post-thumbnail","hentry","category-2025-2026","category-2n","category-general","category-portada","category-primaria"],"post_mailing_queue_ids":[],"_links":{"self":[{"href":"https:\/\/agora.xtec.cat\/esc-pauvilabcn\/wp-json\/wp\/v2\/posts\/6393","targetHints":{"allow":["GET"]}}],"collection":[{"href":"https:\/\/agora.xtec.cat\/esc-pauvilabcn\/wp-json\/wp\/v2\/posts"}],"about":[{"href":"https:\/\/agora.xtec.cat\/esc-pauvilabcn\/wp-json\/wp\/v2\/types\/post"}],"author":[{"embeddable":true,"href":"https:\/\/agora.xtec.cat\/esc-pauvilabcn\/wp-json\/wp\/v2\/users\/1"}],"replies":[{"embeddable":true,"href":"https:\/\/agora.xtec.cat\/esc-pauvilabcn\/wp-json\/wp\/v2\/comments?post=6393"}],"version-history":[{"count":1,"href":"https:\/\/agora.xtec.cat\/esc-pauvilabcn\/wp-json\/wp\/v2\/posts\/6393\/revisions"}],"predecessor-version":[{"id":6397,"href":"https:\/\/agora.xtec.cat\/esc-pauvilabcn\/wp-json\/wp\/v2\/posts\/6393\/revisions\/6397"}],"wp:featuredmedia":[{"embeddable":true,"href":"https:\/\/agora.xtec.cat\/esc-pauvilabcn\/wp-json\/wp\/v2\/media\/6396"}],"wp:attachment":[{"href":"https:\/\/agora.xtec.cat\/esc-pauvilabcn\/wp-json\/wp\/v2\/media?parent=6393"}],"wp:term":[{"taxonomy":"category","embeddable":true,"href":"https:\/\/agora.xtec.cat\/esc-pauvilabcn\/wp-json\/wp\/v2\/categories?post=6393"},{"taxonomy":"post_tag","embeddable":true,"href":"https:\/\/agora.xtec.cat\/esc-pauvilabcn\/wp-json\/wp\/v2\/tags?post=6393"}],"curies":[{"name":"wp","href":"https:\/\/api.w.org\/{rel}","templated":true}]}}