{"id":6243,"date":"2025-10-17T15:16:02","date_gmt":"2025-10-17T13:16:02","guid":{"rendered":"https:\/\/agora.xtec.cat\/esc-pauvilabcn\/?p=6243"},"modified":"2025-10-23T13:57:20","modified_gmt":"2025-10-23T11:57:20","slug":"construim-amb-el-cos-i-la-imaginacio","status":"publish","type":"post","link":"https:\/\/agora.xtec.cat\/esc-pauvilabcn\/infantil\/construim-amb-el-cos-i-la-imaginacio\/","title":{"rendered":"Constru\u00efm amb el cos i la imaginaci\u00f3!"},"content":{"rendered":"<p><img loading=\"lazy\" decoding=\"async\" class=\"aligncenter size-full wp-image-6245\" src=\"https:\/\/agora.xtec.cat\/esc-pauvilabcn\/wp-content\/uploads\/usu1190\/2025\/10\/FOTO-PORTADA-PSICOMOTRICITAT-A-INFANTIL.jpeg\" alt=\"\" width=\"2040\" height=\"1536\" srcset=\"https:\/\/agora.xtec.cat\/esc-pauvilabcn\/wp-content\/uploads\/usu1190\/2025\/10\/FOTO-PORTADA-PSICOMOTRICITAT-A-INFANTIL.jpeg 2040w, https:\/\/agora.xtec.cat\/esc-pauvilabcn\/wp-content\/uploads\/usu1190\/2025\/10\/FOTO-PORTADA-PSICOMOTRICITAT-A-INFANTIL-300x226.jpeg 300w, https:\/\/agora.xtec.cat\/esc-pauvilabcn\/wp-content\/uploads\/usu1190\/2025\/10\/FOTO-PORTADA-PSICOMOTRICITAT-A-INFANTIL-1024x771.jpeg 1024w, https:\/\/agora.xtec.cat\/esc-pauvilabcn\/wp-content\/uploads\/usu1190\/2025\/10\/FOTO-PORTADA-PSICOMOTRICITAT-A-INFANTIL-768x578.jpeg 768w, https:\/\/agora.xtec.cat\/esc-pauvilabcn\/wp-content\/uploads\/usu1190\/2025\/10\/FOTO-PORTADA-PSICOMOTRICITAT-A-INFANTIL-1536x1157.jpeg 1536w, https:\/\/agora.xtec.cat\/esc-pauvilabcn\/wp-content\/uploads\/usu1190\/2025\/10\/FOTO-PORTADA-PSICOMOTRICITAT-A-INFANTIL-200x150.jpeg 200w\" sizes=\"auto, (max-width: 2040px) 100vw, 2040px\" \/><\/p>\n<p><span style=\"font-weight: 400;\">A l\u2019escola Pau Vila, a les sessions de psicomotricitat d\u2019Infantil, treballem la motricitat, la creativitat i el treball en equip a trav\u00e9s del joc amb materials tous i de construcci\u00f3.<\/span><\/p>\n<p><span style=\"font-weight: 400;\">Els infants experimenten amb diferents formes i mides de peces per crear estructures pr\u00f2pies, com la que veieu a la fotografia: una gran construcci\u00f3 feta entre tots, plena de colors, idees i somriures.<\/span><\/p>\n<p><span style=\"font-weight: 400;\">Aquesta activitat ens ajuda a desenvolupar la coordinaci\u00f3, l\u2019equilibri, la col\u00b7laboraci\u00f3 i la capacitat d\u2019imaginaci\u00f3. A m\u00e9s, fomenta valors com el respecte per les idees dels altres, la presa de decisions compartida i la satisfacci\u00f3 de construir junts.<\/span><\/p>\n<p><span style=\"font-weight: 400;\">A trav\u00e9s del joc i el moviment, explorem l\u2019espai, planifiquem accions i gaudim del proc\u00e9s m\u00e9s enll\u00e0 del resultat final. El m\u00e9s bonic \u00e9s veure com, pe\u00e7a a pe\u00e7a, els infants construeixen no nom\u00e9s castells o cases&#8230; sin\u00f3 tamb\u00e9 amics i records!<\/span><\/p>\n","protected":false},"excerpt":{"rendered":"<p>A l\u2019escola Pau Vila, a les sessions de psicomotricitat d\u2019Infantil, treballem la motricitat, la creativitat i el treball en equip a trav\u00e9s del joc amb materials tous i de construcci\u00f3.<br \/>\nEls infants experimenten amb diferents formes i mides de peces per crear estructures pr\u00f2pies, com la&hellip;  <a href=\"https:\/\/agora.xtec.cat\/esc-pauvilabcn\/infantil\/construim-amb-el-cos-i-la-imaginacio\/\" title=\"Read Constru\u00efm amb el cos i la imaginaci\u00f3!\">Llegeix m\u00e9s\u00bb<\/a><\/p>\n","protected":false},"author":1,"featured_media":6245,"comment_status":"open","ping_status":"open","sticky":false,"template":"","format":"standard","meta":{"_bbp_topic_count":0,"_bbp_reply_count":0,"_bbp_total_topic_count":0,"_bbp_total_reply_count":0,"_bbp_voice_count":0,"_bbp_anonymous_reply_count":0,"_bbp_topic_count_hidden":0,"_bbp_reply_count_hidden":0,"_bbp_forum_subforum_count":0,"footnotes":""},"categories":[94,2,4],"tags":[],"class_list":["post-6243","post","type-post","status-publish","format-standard","has-post-thumbnail","hentry","category-2025-2026","category-infantil","category-portada"],"post_mailing_queue_ids":[],"_links":{"self":[{"href":"https:\/\/agora.xtec.cat\/esc-pauvilabcn\/wp-json\/wp\/v2\/posts\/6243","targetHints":{"allow":["GET"]}}],"collection":[{"href":"https:\/\/agora.xtec.cat\/esc-pauvilabcn\/wp-json\/wp\/v2\/posts"}],"about":[{"href":"https:\/\/agora.xtec.cat\/esc-pauvilabcn\/wp-json\/wp\/v2\/types\/post"}],"author":[{"embeddable":true,"href":"https:\/\/agora.xtec.cat\/esc-pauvilabcn\/wp-json\/wp\/v2\/users\/1"}],"replies":[{"embeddable":true,"href":"https:\/\/agora.xtec.cat\/esc-pauvilabcn\/wp-json\/wp\/v2\/comments?post=6243"}],"version-history":[{"count":2,"href":"https:\/\/agora.xtec.cat\/esc-pauvilabcn\/wp-json\/wp\/v2\/posts\/6243\/revisions"}],"predecessor-version":[{"id":6246,"href":"https:\/\/agora.xtec.cat\/esc-pauvilabcn\/wp-json\/wp\/v2\/posts\/6243\/revisions\/6246"}],"wp:featuredmedia":[{"embeddable":true,"href":"https:\/\/agora.xtec.cat\/esc-pauvilabcn\/wp-json\/wp\/v2\/media\/6245"}],"wp:attachment":[{"href":"https:\/\/agora.xtec.cat\/esc-pauvilabcn\/wp-json\/wp\/v2\/media?parent=6243"}],"wp:term":[{"taxonomy":"category","embeddable":true,"href":"https:\/\/agora.xtec.cat\/esc-pauvilabcn\/wp-json\/wp\/v2\/categories?post=6243"},{"taxonomy":"post_tag","embeddable":true,"href":"https:\/\/agora.xtec.cat\/esc-pauvilabcn\/wp-json\/wp\/v2\/tags?post=6243"}],"curies":[{"name":"wp","href":"https:\/\/api.w.org\/{rel}","templated":true}]}}