{"id":2716,"date":"2020-06-15T17:41:15","date_gmt":"2020-06-15T15:41:15","guid":{"rendered":"http:\/\/agora.xtec.cat\/esc-pauvilabcn\/?p=2716"},"modified":"2020-06-15T17:43:56","modified_gmt":"2020-06-15T15:43:56","slug":"plantes-aromatiques-del-nostre-jardi-vertical-4t","status":"publish","type":"post","link":"https:\/\/agora.xtec.cat\/esc-pauvilabcn\/general\/plantes-aromatiques-del-nostre-jardi-vertical-4t\/","title":{"rendered":"Plantes arom\u00e0tiques del nostre Jard\u00ed vertical 4t"},"content":{"rendered":"<p>En el nostre jard\u00ed vertical, tenim moltes plantes arom\u00e0tiques. Aquests dies hem estat estudiant com s\u00f3n aquestes plantes.<\/p>\n<p>Per fer-ho, ens hem repartit per grups i des de la dist\u00e0ncia, hem estat investigant com s\u00f3n, com es cuiden, si s\u00f3n \u00fatils medica i culinariament, com es planten, &#8230;.<\/p>\n<p>Cada grup tenia un responsable d&#8217;un d&#8217;aquests estudis i entre tots haviem de fer una presentaci\u00f3 explicant el que haviem descobert.<\/p>\n<p>Els resultats que han trobats\u00a0 cada grup han estat:<\/p>\n<p><a href=\"https:\/\/docs.google.com\/presentation\/d\/e\/2PACX-1vRex_k1vXCrAjR97niQQlA8DztXnreQJIQuNxtMZetes2K4WvWr9EJcx4Mf1OPQUuYaXkOfDGxano9z\/pub?start=true&amp;loop=false&amp;delayms=60000\" target=\"_blank\" rel=\"noopener noreferrer\">Presentaci\u00f3 Grup 1<\/a><\/p>\n<p><a href=\"https:\/\/docs.google.com\/presentation\/d\/e\/2PACX-1vQlrPN1ogtYqSpF7jQyRTucmGLd-legSMPNxeODbnqbficxHN3R_XxnX58_weU0DUYkfboQ-Ph_VsEd\/pub?start=true&amp;loop=false&amp;delayms=60000\" target=\"_blank\" rel=\"noopener noreferrer\">Presentaci\u00f3 Grup 2<\/a><\/p>\n<p><a href=\"https:\/\/docs.google.com\/presentation\/d\/e\/2PACX-1vTUt8RiOAx1KVMrdP05UAWdjwOB_6UGV6lemsibY1V6jI_sb7WScc8jJLVGpxuda4JGltDHcIzRA_ir\/pub?start=true&amp;loop=false&amp;delayms=60000\" target=\"_blank\" rel=\"noopener noreferrer\">Presentaci\u00f3 Grup 4<\/a><\/p>\n<p><a href=\"https:\/\/docs.google.com\/presentation\/d\/e\/2PACX-1vQzR0HfdUZ3Foq5Aw2YkVH85IyaBx1Vurch1Dp4e21pLtvwSrFfVdDt6kMfXa3gEv12YEuDDFVMggzs\/pub?start=true&amp;loop=false&amp;delayms=60000\" target=\"_blank\" rel=\"noopener noreferrer\">Presentaci\u00f3 Grup 5<\/a><\/p>\n<p>&nbsp;<\/p>\n<p>.<\/p>\n","protected":false},"excerpt":{"rendered":"<p>En el nostre jard\u00ed vertical, tenim moltes plantes arom\u00e0tiques. Aquests dies hem estat estudiant com s\u00f3n aquestes plantes.<br \/>\nPer fer-ho, ens hem repartit per grups i des de la dist\u00e0ncia, hem estat investigant com s\u00f3n, com es cuiden, si s\u00f3n \u00fatils medica i culinariament, com es&hellip;  <a href=\"https:\/\/agora.xtec.cat\/esc-pauvilabcn\/general\/plantes-aromatiques-del-nostre-jardi-vertical-4t\/\" title=\"Read Plantes arom\u00e0tiques del nostre Jard\u00ed vertical 4t\">Llegeix m\u00e9s\u00bb<\/a><\/p>\n","protected":false},"author":1,"featured_media":2721,"comment_status":"open","ping_status":"closed","sticky":false,"template":"","format":"standard","meta":{"_bbp_topic_count":0,"_bbp_reply_count":0,"_bbp_total_topic_count":0,"_bbp_total_reply_count":0,"_bbp_voice_count":0,"_bbp_anonymous_reply_count":0,"_bbp_topic_count_hidden":0,"_bbp_reply_count_hidden":0,"_bbp_forum_subforum_count":0,"footnotes":""},"categories":[1,4,5],"tags":[],"class_list":["post-2716","post","type-post","status-publish","format-standard","has-post-thumbnail","hentry","category-general","category-portada","category-primaria"],"post_mailing_queue_ids":[],"_links":{"self":[{"href":"https:\/\/agora.xtec.cat\/esc-pauvilabcn\/wp-json\/wp\/v2\/posts\/2716","targetHints":{"allow":["GET"]}}],"collection":[{"href":"https:\/\/agora.xtec.cat\/esc-pauvilabcn\/wp-json\/wp\/v2\/posts"}],"about":[{"href":"https:\/\/agora.xtec.cat\/esc-pauvilabcn\/wp-json\/wp\/v2\/types\/post"}],"author":[{"embeddable":true,"href":"https:\/\/agora.xtec.cat\/esc-pauvilabcn\/wp-json\/wp\/v2\/users\/1"}],"replies":[{"embeddable":true,"href":"https:\/\/agora.xtec.cat\/esc-pauvilabcn\/wp-json\/wp\/v2\/comments?post=2716"}],"version-history":[{"count":3,"href":"https:\/\/agora.xtec.cat\/esc-pauvilabcn\/wp-json\/wp\/v2\/posts\/2716\/revisions"}],"predecessor-version":[{"id":2723,"href":"https:\/\/agora.xtec.cat\/esc-pauvilabcn\/wp-json\/wp\/v2\/posts\/2716\/revisions\/2723"}],"wp:featuredmedia":[{"embeddable":true,"href":"https:\/\/agora.xtec.cat\/esc-pauvilabcn\/wp-json\/wp\/v2\/media\/2721"}],"wp:attachment":[{"href":"https:\/\/agora.xtec.cat\/esc-pauvilabcn\/wp-json\/wp\/v2\/media?parent=2716"}],"wp:term":[{"taxonomy":"category","embeddable":true,"href":"https:\/\/agora.xtec.cat\/esc-pauvilabcn\/wp-json\/wp\/v2\/categories?post=2716"},{"taxonomy":"post_tag","embeddable":true,"href":"https:\/\/agora.xtec.cat\/esc-pauvilabcn\/wp-json\/wp\/v2\/tags?post=2716"}],"curies":[{"name":"wp","href":"https:\/\/api.w.org\/{rel}","templated":true}]}}