{"id":963,"date":"2024-05-25T23:14:23","date_gmt":"2024-05-25T21:14:23","guid":{"rendered":"https:\/\/agora.xtec.cat\/esc-oliveres\/?p=963"},"modified":"2024-05-26T18:34:29","modified_gmt":"2024-05-26T16:34:29","slug":"1a-trobada-descoles-participants-en-el-projecte-comunitari-de-lemap","status":"publish","type":"post","link":"https:\/\/agora.xtec.cat\/esc-oliveres\/general\/1a-trobada-descoles-participants-en-el-projecte-comunitari-de-lemap\/","title":{"rendered":"1\u00aa trobada d&#8217;escoles participants en el projecte comunitari de l&#8217;EMAP"},"content":{"rendered":"<p><a href=\"https:\/\/agora.xtec.cat\/esc-oliveres\/wp-content\/uploads\/usu2309\/2024\/05\/WhatsApp-Image-2024-05-25-at-19.47.48.jpeg\"><img loading=\"lazy\" decoding=\"async\" class=\"aligncenter size-large wp-image-964\" src=\"https:\/\/agora.xtec.cat\/esc-oliveres\/wp-content\/uploads\/usu2309\/2024\/05\/WhatsApp-Image-2024-05-25-at-19.47.48-1024x441.jpeg\" alt=\"\" width=\"1024\" height=\"441\" srcset=\"https:\/\/agora.xtec.cat\/esc-oliveres\/wp-content\/uploads\/usu2309\/2024\/05\/WhatsApp-Image-2024-05-25-at-19.47.48-1024x441.jpeg 1024w, https:\/\/agora.xtec.cat\/esc-oliveres\/wp-content\/uploads\/usu2309\/2024\/05\/WhatsApp-Image-2024-05-25-at-19.47.48-300x129.jpeg 300w, https:\/\/agora.xtec.cat\/esc-oliveres\/wp-content\/uploads\/usu2309\/2024\/05\/WhatsApp-Image-2024-05-25-at-19.47.48-768x330.jpeg 768w, https:\/\/agora.xtec.cat\/esc-oliveres\/wp-content\/uploads\/usu2309\/2024\/05\/WhatsApp-Image-2024-05-25-at-19.47.48-1536x661.jpeg 1536w, https:\/\/agora.xtec.cat\/esc-oliveres\/wp-content\/uploads\/usu2309\/2024\/05\/WhatsApp-Image-2024-05-25-at-19.47.48.jpeg 1599w\" sizes=\"auto, (max-width: 1024px) 100vw, 1024px\" \/><\/a><\/p>\n<p>&nbsp;<\/p>\n<p>Avui, les tres escoles les quals estem participant<span style=\"font-family: inherit; font-size: 1em;\"> aquest curs en el projecte comunitari de l&#8217;EMAP hem participat en la primera trobada a Les Cabanyes del Pened\u00e8s. Despr\u00e9s d&#8217;un assaig individual i preparar el tema col\u00b7lectiu hem participat al concert obert a les fam\u00edlies.<\/span><\/p>\n<p>Aquests s\u00f3n els projectes i les escoles participants:<\/p>\n<p><strong>\u00a0 \u00a0<\/strong><\/p>\n<h4><strong>\u00a0 \u00a0 \u00a0 \u00a0 1. PROJECTE SAXOMB\u00d3<\/strong><\/h4>\n<p><strong>\u00a0 \u00a0 \u00a0 \u00a0 \u00a0 \u00a0 Tromb\u00f3 i saxo a 3r i 4t<\/strong><\/p>\n<p style=\"padding-left: 40px;\">\u00a0 Escola La Cabana &#8211; Ajuntament de les Cabanyes<\/p>\n<h4><\/h4>\n<h4><strong>\u00a0 \u00a0 \u00a0 \u00a0 2. PROJECTE ORQUESTRA PIZZICATO<\/strong><\/h4>\n<p><strong>\u00a0 \u00a0 \u00a0 \u00a0 \u00a0 \u00a0 Viol\u00ed i violoncel a 3r i 4t<\/strong><\/p>\n<p style=\"padding-left: 40px;\">\u00a0 Escola Jaume Balmes &#8211; Ajuntament de Sant Mart\u00ed Sarroca<\/p>\n<h4><\/h4>\n<h4><strong>\u00a0 \u00a0 \u00a0 \u00a0 3. PROJECTE UKELELES A L&#8217;AULA<\/strong><\/h4>\n<p><strong>\u00a0 \u00a0 \u00a0 \u00a0 \u00a0 \u00a0 Ukelele a Cicle Superior<\/strong><\/p>\n<p style=\"padding-left: 40px;\">\u00a0 Escola Les Oliveres &#8211; Ajuntament de Cabrera d\u2019Anoia<\/p>\n<p>&nbsp;<\/p>\n<p>Un plaer i un orgull acompanyar a aquest alumnat en el seu cam\u00ed musical.<\/p>\n<p>Moltes gr\u00e0cies per la vostra participaci\u00f3!<\/p>\n<p>Moltes gr\u00e0cies, tamb\u00e9, a l&#8217;EMAP per l&#8217;organitzaci\u00f3 de l&#8217;acte i per convidar-nos!<\/p>\n<p>&nbsp;<\/p>\n<p style=\"padding-left: 120px;\"><img loading=\"lazy\" decoding=\"async\" class=\"wp-image-673 alignleft\" src=\"https:\/\/agora.xtec.cat\/esc-oliveres\/wp-content\/uploads\/usu2309\/2023\/03\/EMAP_logo01-1024x724.png\" alt=\"\" width=\"169\" height=\"120\" srcset=\"https:\/\/agora.xtec.cat\/esc-oliveres\/wp-content\/uploads\/usu2309\/2023\/03\/EMAP_logo01-1024x724.png 1024w, https:\/\/agora.xtec.cat\/esc-oliveres\/wp-content\/uploads\/usu2309\/2023\/03\/EMAP_logo01-300x212.png 300w, https:\/\/agora.xtec.cat\/esc-oliveres\/wp-content\/uploads\/usu2309\/2023\/03\/EMAP_logo01-768x543.png 768w, https:\/\/agora.xtec.cat\/esc-oliveres\/wp-content\/uploads\/usu2309\/2023\/03\/EMAP_logo01-1536x1086.png 1536w, https:\/\/agora.xtec.cat\/esc-oliveres\/wp-content\/uploads\/usu2309\/2023\/03\/EMAP_logo01-2048x1448.png 2048w\" sizes=\"auto, (max-width: 169px) 100vw, 169px\" \/>\u00a0 <a href=\"https:\/\/agora.xtec.cat\/esc-oliveres\/wp-content\/uploads\/usu2309\/2023\/03\/baixa.png\"><img loading=\"lazy\" decoding=\"async\" class=\"wp-image-654 alignleft\" src=\"https:\/\/agora.xtec.cat\/esc-oliveres\/wp-content\/uploads\/usu2309\/2023\/03\/baixa.png\" alt=\"\" width=\"114\" height=\"114\" srcset=\"https:\/\/agora.xtec.cat\/esc-oliveres\/wp-content\/uploads\/usu2309\/2023\/03\/baixa.png 225w, https:\/\/agora.xtec.cat\/esc-oliveres\/wp-content\/uploads\/usu2309\/2023\/03\/baixa-150x150.png 150w\" sizes=\"auto, (max-width: 114px) 100vw, 114px\" \/><\/a><\/p>\n<p>&nbsp;<\/p>\n<p>&nbsp;<\/p>\n<p>&nbsp;<\/p>\n","protected":false},"excerpt":{"rendered":"<p><a href=\"https:\/\/agora.xtec.cat\/esc-oliveres\/wp-content\/uploads\/usu2309\/2024\/05\/WhatsApp-Image-2024-05-25-at-19.47.48.jpeg\"><\/a><br \/>\n&nbsp;<br \/>\nAvui, les tres escoles les quals estem participant aquest curs en el projecte comunitari de l&#8217;EMAP hem participat en la primera trobada a Les Cabanyes del Pened\u00e8s. Despr\u00e9s d&#8217;un assaig individual i preparar el tema col\u00b7lectiu hem participat al concert obert a les fam\u00edlies.<br \/>\nAquests&hellip;  <a href=\"https:\/\/agora.xtec.cat\/esc-oliveres\/general\/1a-trobada-descoles-participants-en-el-projecte-comunitari-de-lemap\/\" title=\"Read 1\u00aa trobada d&#8217;escoles participants en el projecte comunitari de l&#8217;EMAP\">Llegeix m\u00e9s\u00bb<\/a><\/p>\n","protected":false},"author":1,"featured_media":964,"comment_status":"open","ping_status":"closed","sticky":false,"template":"","format":"standard","meta":{"_bbp_topic_count":0,"_bbp_reply_count":0,"_bbp_total_topic_count":0,"_bbp_total_reply_count":0,"_bbp_voice_count":0,"_bbp_anonymous_reply_count":0,"_bbp_topic_count_hidden":0,"_bbp_reply_count_hidden":0,"_bbp_forum_subforum_count":0,"footnotes":""},"categories":[1,4],"tags":[],"class_list":["post-963","post","type-post","status-publish","format-standard","has-post-thumbnail","hentry","category-general","category-portada"],"post_mailing_queue_ids":[],"_links":{"self":[{"href":"https:\/\/agora.xtec.cat\/esc-oliveres\/wp-json\/wp\/v2\/posts\/963","targetHints":{"allow":["GET"]}}],"collection":[{"href":"https:\/\/agora.xtec.cat\/esc-oliveres\/wp-json\/wp\/v2\/posts"}],"about":[{"href":"https:\/\/agora.xtec.cat\/esc-oliveres\/wp-json\/wp\/v2\/types\/post"}],"author":[{"embeddable":true,"href":"https:\/\/agora.xtec.cat\/esc-oliveres\/wp-json\/wp\/v2\/users\/1"}],"replies":[{"embeddable":true,"href":"https:\/\/agora.xtec.cat\/esc-oliveres\/wp-json\/wp\/v2\/comments?post=963"}],"version-history":[{"count":6,"href":"https:\/\/agora.xtec.cat\/esc-oliveres\/wp-json\/wp\/v2\/posts\/963\/revisions"}],"predecessor-version":[{"id":975,"href":"https:\/\/agora.xtec.cat\/esc-oliveres\/wp-json\/wp\/v2\/posts\/963\/revisions\/975"}],"wp:featuredmedia":[{"embeddable":true,"href":"https:\/\/agora.xtec.cat\/esc-oliveres\/wp-json\/wp\/v2\/media\/964"}],"wp:attachment":[{"href":"https:\/\/agora.xtec.cat\/esc-oliveres\/wp-json\/wp\/v2\/media?parent=963"}],"wp:term":[{"taxonomy":"category","embeddable":true,"href":"https:\/\/agora.xtec.cat\/esc-oliveres\/wp-json\/wp\/v2\/categories?post=963"},{"taxonomy":"post_tag","embeddable":true,"href":"https:\/\/agora.xtec.cat\/esc-oliveres\/wp-json\/wp\/v2\/tags?post=963"}],"curies":[{"name":"wp","href":"https:\/\/api.w.org\/{rel}","templated":true}]}}