{"id":915,"date":"2024-05-21T21:37:10","date_gmt":"2024-05-21T19:37:10","guid":{"rendered":"https:\/\/agora.xtec.cat\/esc-oliveres\/?p=915"},"modified":"2024-05-24T21:26:15","modified_gmt":"2024-05-24T19:26:15","slug":"araart-23-24-gravacio-de-laudio","status":"publish","type":"post","link":"https:\/\/agora.xtec.cat\/esc-oliveres\/general\/araart-23-24-gravacio-de-laudio\/","title":{"rendered":"AraArt 23\/24 Gravaci\u00f3 de l&#8217;audio"},"content":{"rendered":"<p><a href=\"https:\/\/agora.xtec.cat\/esc-oliveres\/wp-content\/uploads\/usu2309\/2024\/05\/WhatsApp-Image-2024-05-24-at-21.10.57.jpeg\"><img loading=\"lazy\" decoding=\"async\" class=\"aligncenter size-large wp-image-944\" src=\"https:\/\/agora.xtec.cat\/esc-oliveres\/wp-content\/uploads\/usu2309\/2024\/05\/WhatsApp-Image-2024-05-24-at-21.10.57-768x1024.jpeg\" alt=\"\" width=\"768\" height=\"1024\" \/><\/a><\/p>\n<p>&nbsp;<\/p>\n<p>Ahir dilluns l&#8217;Oriol va venir a l&#8217;escola amb tot el seu material de gravaci\u00f3 i vam enregistrar l&#8217;\u00e0udio de la can\u00e7\u00f3 d&#8217;aquest curs. Dilluns vinent ser\u00e0 el moment de gravar el v\u00eddeo. Estem preparats!<\/p>\n<p>Us deixem, com les grans estrelles, un petit fragment com a prim\u00edcia!<\/p>\n<p>No us perdeu el solo de saxo! \u00c9s espectacular!<\/p>\n<!--[if lt IE 9]><script>document.createElement('audio');<\/script><![endif]-->\n<audio class=\"wp-audio-shortcode\" id=\"audio-915-1\" preload=\"none\" style=\"width: 100%;\" controls=\"controls\"><source type=\"audio\/mpeg\" src=\"https:\/\/agora.xtec.cat\/esc-oliveres\/wp-content\/uploads\/usu2309\/2024\/05\/avancament_quin_mon_tan_bonic.mp3?_=1\" \/><a href=\"https:\/\/agora.xtec.cat\/esc-oliveres\/wp-content\/uploads\/usu2309\/2024\/05\/avancament_quin_mon_tan_bonic.mp3\">https:\/\/agora.xtec.cat\/esc-oliveres\/wp-content\/uploads\/usu2309\/2024\/05\/avancament_quin_mon_tan_bonic.mp3<\/a><\/audio>\n","protected":false},"excerpt":{"rendered":"<p><a href=\"https:\/\/agora.xtec.cat\/esc-oliveres\/wp-content\/uploads\/usu2309\/2024\/05\/WhatsApp-Image-2024-05-24-at-21.10.57.jpeg\"><\/a><br \/>\n&nbsp;<br \/>\nAhir dilluns l&#8217;Oriol va venir a l&#8217;escola amb tot el seu material de gravaci\u00f3 i vam enregistrar l&#8217;\u00e0udio de la can\u00e7\u00f3 d&#8217;aquest curs. Dilluns vinent ser\u00e0 el moment de gravar el v\u00eddeo. Estem preparats!<br \/>\nUs deixem, com les grans estrelles, un petit fragment com a&hellip;  <a href=\"https:\/\/agora.xtec.cat\/esc-oliveres\/general\/araart-23-24-gravacio-de-laudio\/\" title=\"Read AraArt 23\/24 Gravaci\u00f3 de l&#8217;audio\">Llegeix m\u00e9s\u00bb<\/a><\/p>\n","protected":false},"author":1,"featured_media":944,"comment_status":"open","ping_status":"closed","sticky":false,"template":"","format":"standard","meta":{"_bbp_topic_count":0,"_bbp_reply_count":0,"_bbp_total_topic_count":0,"_bbp_total_reply_count":0,"_bbp_voice_count":0,"_bbp_anonymous_reply_count":0,"_bbp_topic_count_hidden":0,"_bbp_reply_count_hidden":0,"_bbp_forum_subforum_count":0,"footnotes":""},"categories":[1,4],"tags":[],"class_list":["post-915","post","type-post","status-publish","format-standard","has-post-thumbnail","hentry","category-general","category-portada"],"post_mailing_queue_ids":[],"_links":{"self":[{"href":"https:\/\/agora.xtec.cat\/esc-oliveres\/wp-json\/wp\/v2\/posts\/915","targetHints":{"allow":["GET"]}}],"collection":[{"href":"https:\/\/agora.xtec.cat\/esc-oliveres\/wp-json\/wp\/v2\/posts"}],"about":[{"href":"https:\/\/agora.xtec.cat\/esc-oliveres\/wp-json\/wp\/v2\/types\/post"}],"author":[{"embeddable":true,"href":"https:\/\/agora.xtec.cat\/esc-oliveres\/wp-json\/wp\/v2\/users\/1"}],"replies":[{"embeddable":true,"href":"https:\/\/agora.xtec.cat\/esc-oliveres\/wp-json\/wp\/v2\/comments?post=915"}],"version-history":[{"count":4,"href":"https:\/\/agora.xtec.cat\/esc-oliveres\/wp-json\/wp\/v2\/posts\/915\/revisions"}],"predecessor-version":[{"id":946,"href":"https:\/\/agora.xtec.cat\/esc-oliveres\/wp-json\/wp\/v2\/posts\/915\/revisions\/946"}],"wp:featuredmedia":[{"embeddable":true,"href":"https:\/\/agora.xtec.cat\/esc-oliveres\/wp-json\/wp\/v2\/media\/944"}],"wp:attachment":[{"href":"https:\/\/agora.xtec.cat\/esc-oliveres\/wp-json\/wp\/v2\/media?parent=915"}],"wp:term":[{"taxonomy":"category","embeddable":true,"href":"https:\/\/agora.xtec.cat\/esc-oliveres\/wp-json\/wp\/v2\/categories?post=915"},{"taxonomy":"post_tag","embeddable":true,"href":"https:\/\/agora.xtec.cat\/esc-oliveres\/wp-json\/wp\/v2\/tags?post=915"}],"curies":[{"name":"wp","href":"https:\/\/api.w.org\/{rel}","templated":true}]}}