{"id":896,"date":"2024-04-26T16:50:33","date_gmt":"2024-04-26T14:50:33","guid":{"rendered":"https:\/\/agora.xtec.cat\/esc-oliveres\/?p=896"},"modified":"2024-04-28T19:14:49","modified_gmt":"2024-04-28T17:14:49","slug":"les-capses-daprenentatge","status":"publish","type":"post","link":"https:\/\/agora.xtec.cat\/esc-oliveres\/general\/les-capses-daprenentatge\/","title":{"rendered":"Les capses d&#8217;aprenentatge"},"content":{"rendered":"<p>Aquest tercer trimestre a Cicle Inicial ens hem iniciat amb les capses d&#8217;aprenentatge. Les Capses d\u2019aprenentatge s\u00f3n una metodologia basada en propostes de treball guiat i globalitzat que configuren una de les franges de treball cooperatiu entre infants de dos nivells d\u2019edats diferents (1r-2n).\u00a0 Les capses d\u2019aprenentatge promouen la investigaci\u00f3, l\u2019experimentaci\u00f3, la construcci\u00f3 del coneixement i l\u2019adquisici\u00f3 de diferents compet\u00e8ncies.<a href=\"https:\/\/agora.xtec.cat\/esc-oliveres\/wp-content\/uploads\/usu2309\/2024\/04\/IMATGE_CAPSES.jpg\"><img loading=\"lazy\" decoding=\"async\" class=\"wp-image-897 alignleft\" src=\"https:\/\/agora.xtec.cat\/esc-oliveres\/wp-content\/uploads\/usu2309\/2024\/04\/IMATGE_CAPSES-1024x726.jpg\" alt=\"\" width=\"307\" height=\"218\" srcset=\"https:\/\/agora.xtec.cat\/esc-oliveres\/wp-content\/uploads\/usu2309\/2024\/04\/IMATGE_CAPSES-1024x726.jpg 1024w, https:\/\/agora.xtec.cat\/esc-oliveres\/wp-content\/uploads\/usu2309\/2024\/04\/IMATGE_CAPSES-300x213.jpg 300w, https:\/\/agora.xtec.cat\/esc-oliveres\/wp-content\/uploads\/usu2309\/2024\/04\/IMATGE_CAPSES-768x545.jpg 768w, https:\/\/agora.xtec.cat\/esc-oliveres\/wp-content\/uploads\/usu2309\/2024\/04\/IMATGE_CAPSES-1536x1090.jpg 1536w, https:\/\/agora.xtec.cat\/esc-oliveres\/wp-content\/uploads\/usu2309\/2024\/04\/IMATGE_CAPSES.jpg 1748w\" sizes=\"auto, (max-width: 307px) 100vw, 307px\" \/><\/a><\/p>\n<ul>\n<li>Els \u00e0mbits intr\u00ednsecs que es treballen s\u00f3n:<br \/>\n-Medi Natural<br \/>\n-Medi Social<\/li>\n<li>Els \u00e0mbits extr\u00ednsec, dins de les activitats proposades, \u00e9s treballen continguts del \u00e0mbits seg\u00fcents:<br \/>\n-TAC<br \/>\n-Visual i pl\u00e0stica<br \/>\n-Valors<br \/>\n-Lleng\u00fces.<\/li>\n<\/ul>\n<p>Qu\u00e8 cont\u00e9 cada capsa d&#8217;aprenentatge?<\/p>\n<p>La capsa d\u2019aprenentatge cont\u00e9;<br \/>\n-Una proposta de treball<br \/>\n-Material necessari per realitzar la proposta<br \/>\n-Una tablet per fer la recerca ( si \u00e9s el cas)<br \/>\n-Les fitxes de treball<br \/>\n-Full d\u2019autoavaluaci\u00f3<\/p>\n<div style=\"position: relative; width: 100%; height: 0; padding-top: 56.2225%; padding-bottom: 0; box-shadow: 0 2px 8px 0 rgba(63,69,81,0.16); margin-top: 1.6em; margin-bottom: 0.9em; overflow: hidden; border-radius: 8px; will-change: transform;\"><iframe style=\"position: absolute; width: 100%; height: 100%; top: 0; left: 0; border: none; padding: 0; margin: 0;\" src=\"https:\/\/www.canva.com\/design\/DAGDuINH9oc\/DfUUvUeGpRpsT_BFpkYYtg\/view?embed\" allowfullscreen=\"allowfullscreen\" data-mce-fragment=\"1\"><br \/>\n<\/iframe><\/div>\n<p>Escola Oliveres<\/p>\n","protected":false},"excerpt":{"rendered":"<p>Aquest tercer trimestre a Cicle Inicial ens hem iniciat amb les capses d&#8217;aprenentatge. Les Capses d\u2019aprenentatge s\u00f3n una metodologia basada en propostes de treball guiat i globalitzat que configuren una de les franges de treball cooperatiu entre infants de dos nivells d\u2019edats diferents (1r-2n).\u00a0 Les&hellip;  <a href=\"https:\/\/agora.xtec.cat\/esc-oliveres\/general\/les-capses-daprenentatge\/\" title=\"Read Les capses d&#8217;aprenentatge\">Llegeix m\u00e9s\u00bb<\/a><\/p>\n","protected":false},"author":1,"featured_media":897,"comment_status":"open","ping_status":"closed","sticky":false,"template":"","format":"standard","meta":{"_bbp_topic_count":0,"_bbp_reply_count":0,"_bbp_total_topic_count":0,"_bbp_total_reply_count":0,"_bbp_voice_count":0,"_bbp_anonymous_reply_count":0,"_bbp_topic_count_hidden":0,"_bbp_reply_count_hidden":0,"_bbp_forum_subforum_count":0,"footnotes":""},"categories":[10,11,80,1,4,5],"tags":[],"class_list":["post-896","post","type-post","status-publish","format-standard","has-post-thumbnail","hentry","category-1r","category-2n","category-comunitat-de-petits","category-general","category-portada","category-primaria"],"post_mailing_queue_ids":[],"_links":{"self":[{"href":"https:\/\/agora.xtec.cat\/esc-oliveres\/wp-json\/wp\/v2\/posts\/896","targetHints":{"allow":["GET"]}}],"collection":[{"href":"https:\/\/agora.xtec.cat\/esc-oliveres\/wp-json\/wp\/v2\/posts"}],"about":[{"href":"https:\/\/agora.xtec.cat\/esc-oliveres\/wp-json\/wp\/v2\/types\/post"}],"author":[{"embeddable":true,"href":"https:\/\/agora.xtec.cat\/esc-oliveres\/wp-json\/wp\/v2\/users\/1"}],"replies":[{"embeddable":true,"href":"https:\/\/agora.xtec.cat\/esc-oliveres\/wp-json\/wp\/v2\/comments?post=896"}],"version-history":[{"count":5,"href":"https:\/\/agora.xtec.cat\/esc-oliveres\/wp-json\/wp\/v2\/posts\/896\/revisions"}],"predecessor-version":[{"id":902,"href":"https:\/\/agora.xtec.cat\/esc-oliveres\/wp-json\/wp\/v2\/posts\/896\/revisions\/902"}],"wp:featuredmedia":[{"embeddable":true,"href":"https:\/\/agora.xtec.cat\/esc-oliveres\/wp-json\/wp\/v2\/media\/897"}],"wp:attachment":[{"href":"https:\/\/agora.xtec.cat\/esc-oliveres\/wp-json\/wp\/v2\/media?parent=896"}],"wp:term":[{"taxonomy":"category","embeddable":true,"href":"https:\/\/agora.xtec.cat\/esc-oliveres\/wp-json\/wp\/v2\/categories?post=896"},{"taxonomy":"post_tag","embeddable":true,"href":"https:\/\/agora.xtec.cat\/esc-oliveres\/wp-json\/wp\/v2\/tags?post=896"}],"curies":[{"name":"wp","href":"https:\/\/api.w.org\/{rel}","templated":true}]}}