{"id":832,"date":"2023-11-03T23:11:59","date_gmt":"2023-11-03T22:11:59","guid":{"rendered":"https:\/\/agora.xtec.cat\/esc-oliveres\/?p=832"},"modified":"2023-11-05T17:58:34","modified_gmt":"2023-11-05T16:58:34","slug":"eleccions-al-consell-escolar","status":"publish","type":"post","link":"https:\/\/agora.xtec.cat\/esc-oliveres\/general\/eleccions-al-consell-escolar\/","title":{"rendered":"*ELECCIONS AL CONSELL ESCOLAR*"},"content":{"rendered":"<p>&nbsp;<\/p>\n<p><span style=\"font-weight: 400;\">Benvolgudes fam\u00edlies,<\/span><\/p>\n<p><span style=\"font-weight: 400;\">el dia 21 de novembre es faran les eleccions al Consell Escolar al nostre centre. En aquestes s\u2019ha de renovar un membre de la secci\u00f3 fam\u00edlies.\u00a0<\/span><\/p>\n<p><span style=\"font-weight: 400;\">Les persones interessades a formar-ne part poden presentar la seva candidatura a l\u2019equip directiu fins al dia 10 de novembre.<\/span><\/p>\n<p><span style=\"font-weight: 400;\">El dia 13 de novembre es penjar\u00e0 la llista amb les candidatures al plaf\u00f3 de l\u2019escola.<\/span><\/p>\n<p><span style=\"font-weight: 400;\">Si voleu saber m\u00e9s coses sobre el Consell Escolar i el proc\u00e9s de les eleccions, podeu consultar la p\u00e0gina del departament d\u2019educaci\u00f3 seguint el seg\u00fcent enlla\u00e7:<\/span><\/p>\n<p><a href=\"https:\/\/educacio.gencat.cat\/ca\/arees-actuacio\/centres-serveis-educatius\/centres\/consells-escolars-centres\/index.html\"><span style=\"font-weight: 400;\">consells escolars dels centres<\/span><\/a><\/p>\n<p><a href=\"https:\/\/agora.xtec.cat\/esc-oliveres\/wp-content\/uploads\/usu2309\/2023\/11\/Screenshot-2023-11-03-23.19.10.png\"><img loading=\"lazy\" decoding=\"async\" class=\"aligncenter size-full wp-image-835\" src=\"https:\/\/agora.xtec.cat\/esc-oliveres\/wp-content\/uploads\/usu2309\/2023\/11\/Screenshot-2023-11-03-23.19.10.png\" alt=\"\" width=\"461\" height=\"183\" srcset=\"https:\/\/agora.xtec.cat\/esc-oliveres\/wp-content\/uploads\/usu2309\/2023\/11\/Screenshot-2023-11-03-23.19.10.png 461w, https:\/\/agora.xtec.cat\/esc-oliveres\/wp-content\/uploads\/usu2309\/2023\/11\/Screenshot-2023-11-03-23.19.10-300x119.png 300w\" sizes=\"auto, (max-width: 461px) 100vw, 461px\" \/><\/a><\/p>\n","protected":false},"excerpt":{"rendered":"<p>&nbsp;<br \/>\nBenvolgudes fam\u00edlies,<br \/>\nel dia 21 de novembre es faran les eleccions al Consell Escolar al nostre centre. En aquestes s\u2019ha de renovar un membre de la secci\u00f3 fam\u00edlies.\u00a0<br \/>\nLes persones interessades a formar-ne part poden presentar la seva candidatura a l\u2019equip directiu fins al dia 10 de&hellip;  <a href=\"https:\/\/agora.xtec.cat\/esc-oliveres\/general\/eleccions-al-consell-escolar\/\" title=\"Read *ELECCIONS AL CONSELL ESCOLAR*\">Llegeix m\u00e9s\u00bb<\/a><\/p>\n","protected":false},"author":1,"featured_media":835,"comment_status":"open","ping_status":"closed","sticky":false,"template":"","format":"standard","meta":{"_bbp_topic_count":0,"_bbp_reply_count":0,"_bbp_total_topic_count":0,"_bbp_total_reply_count":0,"_bbp_voice_count":0,"_bbp_anonymous_reply_count":0,"_bbp_topic_count_hidden":0,"_bbp_reply_count_hidden":0,"_bbp_forum_subforum_count":0,"footnotes":""},"categories":[1,4],"tags":[],"class_list":["post-832","post","type-post","status-publish","format-standard","has-post-thumbnail","hentry","category-general","category-portada"],"post_mailing_queue_ids":[],"_links":{"self":[{"href":"https:\/\/agora.xtec.cat\/esc-oliveres\/wp-json\/wp\/v2\/posts\/832","targetHints":{"allow":["GET"]}}],"collection":[{"href":"https:\/\/agora.xtec.cat\/esc-oliveres\/wp-json\/wp\/v2\/posts"}],"about":[{"href":"https:\/\/agora.xtec.cat\/esc-oliveres\/wp-json\/wp\/v2\/types\/post"}],"author":[{"embeddable":true,"href":"https:\/\/agora.xtec.cat\/esc-oliveres\/wp-json\/wp\/v2\/users\/1"}],"replies":[{"embeddable":true,"href":"https:\/\/agora.xtec.cat\/esc-oliveres\/wp-json\/wp\/v2\/comments?post=832"}],"version-history":[{"count":3,"href":"https:\/\/agora.xtec.cat\/esc-oliveres\/wp-json\/wp\/v2\/posts\/832\/revisions"}],"predecessor-version":[{"id":836,"href":"https:\/\/agora.xtec.cat\/esc-oliveres\/wp-json\/wp\/v2\/posts\/832\/revisions\/836"}],"wp:featuredmedia":[{"embeddable":true,"href":"https:\/\/agora.xtec.cat\/esc-oliveres\/wp-json\/wp\/v2\/media\/835"}],"wp:attachment":[{"href":"https:\/\/agora.xtec.cat\/esc-oliveres\/wp-json\/wp\/v2\/media?parent=832"}],"wp:term":[{"taxonomy":"category","embeddable":true,"href":"https:\/\/agora.xtec.cat\/esc-oliveres\/wp-json\/wp\/v2\/categories?post=832"},{"taxonomy":"post_tag","embeddable":true,"href":"https:\/\/agora.xtec.cat\/esc-oliveres\/wp-json\/wp\/v2\/tags?post=832"}],"curies":[{"name":"wp","href":"https:\/\/api.w.org\/{rel}","templated":true}]}}