{"id":795,"date":"2023-06-22T13:13:31","date_gmt":"2023-06-22T11:13:31","guid":{"rendered":"https:\/\/agora.xtec.cat\/esc-oliveres\/?p=795"},"modified":"2023-06-24T21:43:55","modified_gmt":"2023-06-24T19:43:55","slug":"treball-a-larea-de-musica","status":"publish","type":"post","link":"https:\/\/agora.xtec.cat\/esc-oliveres\/general\/treball-a-larea-de-musica\/","title":{"rendered":"Treball a l&#8217;\u00e0rea de m\u00fasica"},"content":{"rendered":"<div dir=\"auto\"><\/div>\n<div dir=\"auto\">\n<p>A l\u2019escola Les Oliveres aquest curs hem comen\u00e7at a treballar en un projecte d\u2019innovaci\u00f3 pedag\u00f2gica anomenat AraArt. Aquest projecte pret\u00e9n fomentar i posar en valor projectes art\u00edstics que es duen a terme en un centre d\u2019educaci\u00f3 infantil, prim\u00e0ria, en col\u00b7laboraci\u00f3 amb una escola art\u00edstica, un equipament cultural, o institucions, entitats i associacions art\u00edstiques. En el nostre cas i gr\u00e0cies a un conveni de col\u00b7laboraci\u00f3 entre l\u2019Ajuntament de Cabrera d\u2019Anoia i l\u2019EMAP (Escola de M\u00fasica de l\u2019Alt Pened\u00e8s), estem treballant per potenciar l\u2019educaci\u00f3 art\u00edstica com a pr\u00e0ctica vital i nexe d\u2019uni\u00f3 entre les diferents \u00e0rees curriculars.<\/p>\n<p>Aix\u00ed doncs, un professor de m\u00fasica ha vingut cada dilluns a l\u2019escola a fer classes d\u2019ukelele amb l\u2019alumnat de Cicle Superior (5\u00e8 i 6\u00e8) i l\u2019especialista de m\u00fasica ha comen\u00e7at a introduir l\u2019instrument a les classes de Cicle Mitj\u00e0 (3r i 4t) i a fer un tastet a Cicle Inicial (1r i 2n).<\/p>\n<p>Com a projecte final hem gravat un v\u00eddeo en el qual us podem mostrar part de la feina que hem fet. Vam gravar l\u2019\u00e0udio de manera semiprofessional a l\u2019escola i m\u00e9s endavant vam gravar les imatges per fer el v\u00eddeo. Seguint l\u2019esperit del projecte per generar xarxes de treball entre diferents centres educatius, hem treballat juntament amb l\u2019alumnat de l\u2019Escola Viladem\u00e0ger de La Llacuna, en el que participen fent l\u2019acompanyament musical amb flautes, juntament amb un pare de cada escola, en Mauricio Gutierrez (Les Oliveres) tocant el baix i en Ricardo Rabella (Viladem\u00e0ger) tocant la guitarra.<\/p>\n<p>Ha estat un plaer poder treballar conjuntament en aquest projecte i agra\u00efm a totes les persones que han participat amb entusiasme i dedicaci\u00f3 per tal que la m\u00fasica, sigui viva, un vehicle d\u2019expressi\u00f3 i cohesi\u00f3.<\/p>\n<p>&nbsp;<\/p>\n<p>Esperem que us agradi!<\/p>\n<\/div>\n<div dir=\"auto\"><\/div>\n<p><iframe loading=\"lazy\" title=\"YouTube video player\" src=\"https:\/\/www.youtube.com\/embed\/gLSDKnGa3W8\" width=\"560\" height=\"315\" frameborder=\"0\" allowfullscreen=\"allowfullscreen\"><\/iframe><\/p>\n","protected":false},"excerpt":{"rendered":"<p>A l\u2019escola Les Oliveres aquest curs hem comen\u00e7at a treballar en un projecte d\u2019innovaci\u00f3 pedag\u00f2gica anomenat AraArt. Aquest projecte pret\u00e9n fomentar i posar en valor projectes art\u00edstics que es duen a terme en un centre d\u2019educaci\u00f3 infantil, prim\u00e0ria, en col\u00b7laboraci\u00f3 amb una escola art\u00edstica, un&hellip;  <a href=\"https:\/\/agora.xtec.cat\/esc-oliveres\/general\/treball-a-larea-de-musica\/\" title=\"Read Treball a l&#8217;\u00e0rea de m\u00fasica\">Llegeix m\u00e9s\u00bb<\/a><\/p>\n","protected":false},"author":1,"featured_media":796,"comment_status":"open","ping_status":"closed","sticky":false,"template":"","format":"standard","meta":{"_bbp_topic_count":0,"_bbp_reply_count":0,"_bbp_total_topic_count":0,"_bbp_total_reply_count":0,"_bbp_voice_count":0,"_bbp_anonymous_reply_count":0,"_bbp_topic_count_hidden":0,"_bbp_reply_count_hidden":0,"_bbp_forum_subforum_count":0,"footnotes":""},"categories":[15,82,1,4,5],"tags":[],"class_list":["post-795","post","type-post","status-publish","format-standard","has-post-thumbnail","hentry","category-6e","category-comunitat-de-grans","category-general","category-portada","category-primaria"],"post_mailing_queue_ids":[],"_links":{"self":[{"href":"https:\/\/agora.xtec.cat\/esc-oliveres\/wp-json\/wp\/v2\/posts\/795","targetHints":{"allow":["GET"]}}],"collection":[{"href":"https:\/\/agora.xtec.cat\/esc-oliveres\/wp-json\/wp\/v2\/posts"}],"about":[{"href":"https:\/\/agora.xtec.cat\/esc-oliveres\/wp-json\/wp\/v2\/types\/post"}],"author":[{"embeddable":true,"href":"https:\/\/agora.xtec.cat\/esc-oliveres\/wp-json\/wp\/v2\/users\/1"}],"replies":[{"embeddable":true,"href":"https:\/\/agora.xtec.cat\/esc-oliveres\/wp-json\/wp\/v2\/comments?post=795"}],"version-history":[{"count":3,"href":"https:\/\/agora.xtec.cat\/esc-oliveres\/wp-json\/wp\/v2\/posts\/795\/revisions"}],"predecessor-version":[{"id":813,"href":"https:\/\/agora.xtec.cat\/esc-oliveres\/wp-json\/wp\/v2\/posts\/795\/revisions\/813"}],"wp:featuredmedia":[{"embeddable":true,"href":"https:\/\/agora.xtec.cat\/esc-oliveres\/wp-json\/wp\/v2\/media\/796"}],"wp:attachment":[{"href":"https:\/\/agora.xtec.cat\/esc-oliveres\/wp-json\/wp\/v2\/media?parent=795"}],"wp:term":[{"taxonomy":"category","embeddable":true,"href":"https:\/\/agora.xtec.cat\/esc-oliveres\/wp-json\/wp\/v2\/categories?post=795"},{"taxonomy":"post_tag","embeddable":true,"href":"https:\/\/agora.xtec.cat\/esc-oliveres\/wp-json\/wp\/v2\/tags?post=795"}],"curies":[{"name":"wp","href":"https:\/\/api.w.org\/{rel}","templated":true}]}}