{"id":715,"date":"2023-03-27T11:06:55","date_gmt":"2023-03-27T09:06:55","guid":{"rendered":"https:\/\/agora.xtec.cat\/esc-oliveres\/?p=715"},"modified":"2023-03-27T11:22:17","modified_gmt":"2023-03-27T09:22:17","slug":"programa-fruita-a-lescola","status":"publish","type":"post","link":"https:\/\/agora.xtec.cat\/esc-oliveres\/general\/programa-fruita-a-lescola\/","title":{"rendered":"Programa fruita a l&#8217;escola"},"content":{"rendered":"<p>El nostre centre educatiu participa en el Programa Escolar de Fruites i Hortalisses de la Uni\u00f3 Europea, amb ajuda econ\u00f2mica de la Uni\u00f3.<\/p>\n<p>Gr\u00e0cies a aquest programa l&#8217;alumnat de l&#8217;escola podr\u00e0 gaudir de fruita fresca a l&#8217;escola. Aquest programa est\u00e0 pensat per millorar la salut, i promou que cal menjar fruita i verdura en cada \u00e0pat, tant a casa com a l\u2019escola i mantenir un estil de vida actiu (caminar, pujar escales, jugar, fer esport&#8230;).<\/p>\n<p>&nbsp;<\/p>\n<p><a href=\"https:\/\/agora.xtec.cat\/esc-oliveres\/wp-content\/uploads\/usu2309\/2023\/03\/af-fruites_cartell_A3_page-0001-4-scaled.jpg\" data-wp-editing=\"1\"><img loading=\"lazy\" decoding=\"async\" class=\"aligncenter wp-image-719\" src=\"https:\/\/agora.xtec.cat\/esc-oliveres\/wp-content\/uploads\/usu2309\/2023\/03\/af-fruites_cartell_A3_page-0001-4-735x1024.jpg\" alt=\"\" width=\"813\" height=\"1133\" srcset=\"https:\/\/agora.xtec.cat\/esc-oliveres\/wp-content\/uploads\/usu2309\/2023\/03\/af-fruites_cartell_A3_page-0001-4-735x1024.jpg 735w, https:\/\/agora.xtec.cat\/esc-oliveres\/wp-content\/uploads\/usu2309\/2023\/03\/af-fruites_cartell_A3_page-0001-4-215x300.jpg 215w, https:\/\/agora.xtec.cat\/esc-oliveres\/wp-content\/uploads\/usu2309\/2023\/03\/af-fruites_cartell_A3_page-0001-4-768x1071.jpg 768w, https:\/\/agora.xtec.cat\/esc-oliveres\/wp-content\/uploads\/usu2309\/2023\/03\/af-fruites_cartell_A3_page-0001-4-1102x1536.jpg 1102w, https:\/\/agora.xtec.cat\/esc-oliveres\/wp-content\/uploads\/usu2309\/2023\/03\/af-fruites_cartell_A3_page-0001-4-1469x2048.jpg 1469w, https:\/\/agora.xtec.cat\/esc-oliveres\/wp-content\/uploads\/usu2309\/2023\/03\/af-fruites_cartell_A3_page-0001-4-scaled.jpg 1836w\" sizes=\"auto, (max-width: 813px) 100vw, 813px\" \/><\/a><\/p>\n","protected":false},"excerpt":{"rendered":"<p>El nostre centre educatiu participa en el Programa Escolar de Fruites i Hortalisses de la Uni\u00f3 Europea, amb ajuda econ\u00f2mica de la Uni\u00f3.<br \/>\nGr\u00e0cies a aquest programa l&#8217;alumnat de l&#8217;escola podr\u00e0 gaudir de fruita fresca a l&#8217;escola. Aquest programa est\u00e0 pensat per millorar la salut, i&hellip;  <a href=\"https:\/\/agora.xtec.cat\/esc-oliveres\/general\/programa-fruita-a-lescola\/\" title=\"Read Programa fruita a l&#8217;escola\">Llegeix m\u00e9s\u00bb<\/a><\/p>\n","protected":false},"author":1,"featured_media":0,"comment_status":"open","ping_status":"closed","sticky":false,"template":"","format":"standard","meta":{"_bbp_topic_count":0,"_bbp_reply_count":0,"_bbp_total_topic_count":0,"_bbp_total_reply_count":0,"_bbp_voice_count":0,"_bbp_anonymous_reply_count":0,"_bbp_topic_count_hidden":0,"_bbp_reply_count_hidden":0,"_bbp_forum_subforum_count":0,"footnotes":""},"categories":[1,4],"tags":[],"class_list":["post-715","post","type-post","status-publish","format-standard","hentry","category-general","category-portada"],"post_mailing_queue_ids":[],"_links":{"self":[{"href":"https:\/\/agora.xtec.cat\/esc-oliveres\/wp-json\/wp\/v2\/posts\/715","targetHints":{"allow":["GET"]}}],"collection":[{"href":"https:\/\/agora.xtec.cat\/esc-oliveres\/wp-json\/wp\/v2\/posts"}],"about":[{"href":"https:\/\/agora.xtec.cat\/esc-oliveres\/wp-json\/wp\/v2\/types\/post"}],"author":[{"embeddable":true,"href":"https:\/\/agora.xtec.cat\/esc-oliveres\/wp-json\/wp\/v2\/users\/1"}],"replies":[{"embeddable":true,"href":"https:\/\/agora.xtec.cat\/esc-oliveres\/wp-json\/wp\/v2\/comments?post=715"}],"version-history":[{"count":3,"href":"https:\/\/agora.xtec.cat\/esc-oliveres\/wp-json\/wp\/v2\/posts\/715\/revisions"}],"predecessor-version":[{"id":723,"href":"https:\/\/agora.xtec.cat\/esc-oliveres\/wp-json\/wp\/v2\/posts\/715\/revisions\/723"}],"wp:attachment":[{"href":"https:\/\/agora.xtec.cat\/esc-oliveres\/wp-json\/wp\/v2\/media?parent=715"}],"wp:term":[{"taxonomy":"category","embeddable":true,"href":"https:\/\/agora.xtec.cat\/esc-oliveres\/wp-json\/wp\/v2\/categories?post=715"},{"taxonomy":"post_tag","embeddable":true,"href":"https:\/\/agora.xtec.cat\/esc-oliveres\/wp-json\/wp\/v2\/tags?post=715"}],"curies":[{"name":"wp","href":"https:\/\/api.w.org\/{rel}","templated":true}]}}