{"id":552,"date":"2023-02-17T09:55:56","date_gmt":"2023-02-17T08:55:56","guid":{"rendered":"https:\/\/agora.xtec.cat\/esc-oliveres\/?p=552"},"modified":"2023-02-24T09:56:01","modified_gmt":"2023-02-24T08:56:01","slug":"carnaval-2023","status":"publish","type":"post","link":"https:\/\/agora.xtec.cat\/esc-oliveres\/general\/carnaval-2023\/","title":{"rendered":"Carnaval 2023"},"content":{"rendered":"<p>Els nens i nenes de l&#8217;escola les Oliveres han protagonitzat l&#8217;arribada del rei Carnestoltes. A trav\u00e9s de la gresca i la disbauxa hem donat la benvinguda a aquest personatge tan especial i hem inaugurat la setmana boja amb el preg\u00f3 dels nens i nenes de Cicle Superior!<\/p>\n<p>Ens ha donat les consignes, i si no les complim\u2026 ai ai ai qu\u00e8 passar\u00e0? Aix\u00ed que tocar\u00e0 dur-les cada dia!<\/p>\n<ul>\n<li>Els dilluns d&#8217;un esport anir\u00e0s, i tot el dia practicar\u00e0s.<\/li>\n<li>El dimarts en pijama et llevar\u00e0s i ben adormit arribar\u00e0s.<\/li>\n<li>El dimecres molt elegant et vestir\u00e0s i un somriure portar\u00e0s<\/li>\n<li>El dijous les ungles et puntar\u00e0s i el color haur\u00e0s de triar<\/li>\n<li>Divendres: el Carnestoltes s\u2019ho vol passar b\u00e9 i una rua haurem de fer! Rua de la pluja!<\/li>\n<\/ul>\n<p><a href=\"https:\/\/agora.xtec.cat\/esc-oliveres\/wp-content\/uploads\/usu2309\/2023\/02\/1677228225283-scaled.jpg\"><img loading=\"lazy\" decoding=\"async\" class=\"aligncenter wp-image-621\" src=\"https:\/\/agora.xtec.cat\/esc-oliveres\/wp-content\/uploads\/usu2309\/2023\/02\/1677228225283-1024x874.jpg\" alt=\"\" width=\"468\" height=\"399\" srcset=\"https:\/\/agora.xtec.cat\/esc-oliveres\/wp-content\/uploads\/usu2309\/2023\/02\/1677228225283-1024x874.jpg 1024w, https:\/\/agora.xtec.cat\/esc-oliveres\/wp-content\/uploads\/usu2309\/2023\/02\/1677228225283-300x256.jpg 300w, https:\/\/agora.xtec.cat\/esc-oliveres\/wp-content\/uploads\/usu2309\/2023\/02\/1677228225283-768x656.jpg 768w, https:\/\/agora.xtec.cat\/esc-oliveres\/wp-content\/uploads\/usu2309\/2023\/02\/1677228225283-1536x1311.jpg 1536w, https:\/\/agora.xtec.cat\/esc-oliveres\/wp-content\/uploads\/usu2309\/2023\/02\/1677228225283-2048x1748.jpg 2048w\" sizes=\"auto, (max-width: 468px) 100vw, 468px\" \/><\/a><\/p>\n<p>Visca la gresca i la disbauxa!<\/p>\n<div style=\"width: 480px;\" class=\"wp-video\"><!--[if lt IE 9]><script>document.createElement('video');<\/script><![endif]-->\n<video class=\"wp-video-shortcode\" id=\"video-552-1\" width=\"480\" height=\"848\" preload=\"metadata\" controls=\"controls\"><source type=\"video\/mp4\" src=\"https:\/\/agora.xtec.cat\/esc-oliveres\/wp-content\/uploads\/usu2309\/2023\/02\/VID-20230211-WA0010.mp4?_=1\" \/><a href=\"https:\/\/agora.xtec.cat\/esc-oliveres\/wp-content\/uploads\/usu2309\/2023\/02\/VID-20230211-WA0010.mp4\">https:\/\/agora.xtec.cat\/esc-oliveres\/wp-content\/uploads\/usu2309\/2023\/02\/VID-20230211-WA0010.mp4<\/a><\/video><\/div>\n<p>&nbsp;<\/p>\n<p>&nbsp;<\/p>\n","protected":false},"excerpt":{"rendered":"<p>Els nens i nenes de l&#8217;escola les Oliveres han protagonitzat l&#8217;arribada del rei Carnestoltes. A trav\u00e9s de la gresca i la disbauxa hem donat la benvinguda a aquest personatge tan especial i hem inaugurat la setmana boja amb el preg\u00f3 dels nens i nenes de&hellip;  <a href=\"https:\/\/agora.xtec.cat\/esc-oliveres\/general\/carnaval-2023\/\" title=\"Read Carnaval 2023\">Llegeix m\u00e9s\u00bb<\/a><\/p>\n","protected":false},"author":1,"featured_media":621,"comment_status":"open","ping_status":"closed","sticky":false,"template":"","format":"standard","meta":{"_bbp_topic_count":0,"_bbp_reply_count":0,"_bbp_total_topic_count":0,"_bbp_total_reply_count":0,"_bbp_voice_count":0,"_bbp_anonymous_reply_count":0,"_bbp_topic_count_hidden":0,"_bbp_reply_count_hidden":0,"_bbp_forum_subforum_count":0,"footnotes":""},"categories":[82,81,80,1,2,79,83,4,5],"tags":[85,86,84],"class_list":["post-552","post","type-post","status-publish","format-standard","has-post-thumbnail","hentry","category-comunitat-de-grans","category-comunitat-de-mitjans","category-comunitat-de-petits","category-general","category-infantil","category-infantil-infantil","category-llar-dinfants","category-portada","category-primaria","tag-infantil","tag-llar-dinfants","tag-primaria"],"post_mailing_queue_ids":[],"_links":{"self":[{"href":"https:\/\/agora.xtec.cat\/esc-oliveres\/wp-json\/wp\/v2\/posts\/552","targetHints":{"allow":["GET"]}}],"collection":[{"href":"https:\/\/agora.xtec.cat\/esc-oliveres\/wp-json\/wp\/v2\/posts"}],"about":[{"href":"https:\/\/agora.xtec.cat\/esc-oliveres\/wp-json\/wp\/v2\/types\/post"}],"author":[{"embeddable":true,"href":"https:\/\/agora.xtec.cat\/esc-oliveres\/wp-json\/wp\/v2\/users\/1"}],"replies":[{"embeddable":true,"href":"https:\/\/agora.xtec.cat\/esc-oliveres\/wp-json\/wp\/v2\/comments?post=552"}],"version-history":[{"count":4,"href":"https:\/\/agora.xtec.cat\/esc-oliveres\/wp-json\/wp\/v2\/posts\/552\/revisions"}],"predecessor-version":[{"id":625,"href":"https:\/\/agora.xtec.cat\/esc-oliveres\/wp-json\/wp\/v2\/posts\/552\/revisions\/625"}],"wp:featuredmedia":[{"embeddable":true,"href":"https:\/\/agora.xtec.cat\/esc-oliveres\/wp-json\/wp\/v2\/media\/621"}],"wp:attachment":[{"href":"https:\/\/agora.xtec.cat\/esc-oliveres\/wp-json\/wp\/v2\/media?parent=552"}],"wp:term":[{"taxonomy":"category","embeddable":true,"href":"https:\/\/agora.xtec.cat\/esc-oliveres\/wp-json\/wp\/v2\/categories?post=552"},{"taxonomy":"post_tag","embeddable":true,"href":"https:\/\/agora.xtec.cat\/esc-oliveres\/wp-json\/wp\/v2\/tags?post=552"}],"curies":[{"name":"wp","href":"https:\/\/api.w.org\/{rel}","templated":true}]}}