{"id":1237,"date":"2025-02-28T11:18:50","date_gmt":"2025-02-28T10:18:50","guid":{"rendered":"https:\/\/agora.xtec.cat\/esc-oliveres\/?p=1237"},"modified":"2025-02-28T11:21:43","modified_gmt":"2025-02-28T10:21:43","slug":"friday-in-love-el-tema-de-the-cure-sera-el-nostre-hit-de-lany","status":"publish","type":"post","link":"https:\/\/agora.xtec.cat\/esc-oliveres\/general\/friday-in-love-el-tema-de-the-cure-sera-el-nostre-hit-de-lany\/","title":{"rendered":"Friday in Love, el tema de The Cure ser\u00e0 el nostre hit de l&#8217;any"},"content":{"rendered":"<p>La can\u00e7\u00f3 que hem triat aquest curs per fer el videoclip enmarcat dins el projecte AraArt \u00e9s el conegut tema del grup brit\u00e0nic The Cure, Friday in Love. Ja hem comen\u00e7at a treballar amb aquesta can\u00e7\u00f3.<\/p>\n<p>&nbsp;<\/p>\n<p><iframe loading=\"lazy\" title=\"The Cure - Friday I&#039;m In Love\" width=\"500\" height=\"375\" src=\"https:\/\/www.youtube.com\/embed\/mGgMZpGYiy8?feature=oembed\" frameborder=\"0\" allow=\"accelerometer; autoplay; clipboard-write; encrypted-media; gyroscope; picture-in-picture; web-share\" referrerpolicy=\"strict-origin-when-cross-origin\" allowfullscreen><\/iframe><\/p>\n","protected":false},"excerpt":{"rendered":"<p>La can\u00e7\u00f3 que hem triat aquest curs per fer el videoclip enmarcat dins el projecte AraArt \u00e9s el conegut tema del grup brit\u00e0nic The Cure, Friday in Love. Ja hem comen\u00e7at a treballar amb aquesta can\u00e7\u00f3.<br \/>\n&nbsp;<\/p>\n","protected":false},"author":1,"featured_media":1238,"comment_status":"open","ping_status":"closed","sticky":false,"template":"","format":"standard","meta":{"_bbp_topic_count":0,"_bbp_reply_count":0,"_bbp_total_topic_count":0,"_bbp_total_reply_count":0,"_bbp_voice_count":0,"_bbp_anonymous_reply_count":0,"_bbp_topic_count_hidden":0,"_bbp_reply_count_hidden":0,"_bbp_forum_subforum_count":0,"footnotes":""},"categories":[1,4],"tags":[],"class_list":["post-1237","post","type-post","status-publish","format-standard","has-post-thumbnail","hentry","category-general","category-portada"],"post_mailing_queue_ids":[],"_links":{"self":[{"href":"https:\/\/agora.xtec.cat\/esc-oliveres\/wp-json\/wp\/v2\/posts\/1237","targetHints":{"allow":["GET"]}}],"collection":[{"href":"https:\/\/agora.xtec.cat\/esc-oliveres\/wp-json\/wp\/v2\/posts"}],"about":[{"href":"https:\/\/agora.xtec.cat\/esc-oliveres\/wp-json\/wp\/v2\/types\/post"}],"author":[{"embeddable":true,"href":"https:\/\/agora.xtec.cat\/esc-oliveres\/wp-json\/wp\/v2\/users\/1"}],"replies":[{"embeddable":true,"href":"https:\/\/agora.xtec.cat\/esc-oliveres\/wp-json\/wp\/v2\/comments?post=1237"}],"version-history":[{"count":1,"href":"https:\/\/agora.xtec.cat\/esc-oliveres\/wp-json\/wp\/v2\/posts\/1237\/revisions"}],"predecessor-version":[{"id":1239,"href":"https:\/\/agora.xtec.cat\/esc-oliveres\/wp-json\/wp\/v2\/posts\/1237\/revisions\/1239"}],"wp:featuredmedia":[{"embeddable":true,"href":"https:\/\/agora.xtec.cat\/esc-oliveres\/wp-json\/wp\/v2\/media\/1238"}],"wp:attachment":[{"href":"https:\/\/agora.xtec.cat\/esc-oliveres\/wp-json\/wp\/v2\/media?parent=1237"}],"wp:term":[{"taxonomy":"category","embeddable":true,"href":"https:\/\/agora.xtec.cat\/esc-oliveres\/wp-json\/wp\/v2\/categories?post=1237"},{"taxonomy":"post_tag","embeddable":true,"href":"https:\/\/agora.xtec.cat\/esc-oliveres\/wp-json\/wp\/v2\/tags?post=1237"}],"curies":[{"name":"wp","href":"https:\/\/api.w.org\/{rel}","templated":true}]}}