{"id":8100,"date":"2025-04-10T16:19:47","date_gmt":"2025-04-10T14:19:47","guid":{"rendered":"https:\/\/agora.xtec.cat\/esc-mvayreda-roses\/?p=8100"},"modified":"2025-07-02T10:41:47","modified_gmt":"2025-07-02T08:41:47","slug":"activitat-aquatica-4t","status":"publish","type":"post","link":"https:\/\/agora.xtec.cat\/esc-mvayreda-roses\/portada\/activitat-aquatica-4t\/","title":{"rendered":"ACTIVITAT AQU\u00c0TICA 4t"},"content":{"rendered":"<p>Com cada any, durant el 2n trimestre del curs, l&#8217;alumnat de 4t i dins de l&#8217;\u00e0rea d&#8217;Educaci\u00f3 F\u00edsica hem realitzat l&#8217;activitat aqu\u00e0tica a la Piscina Municipal de Roses.<\/p>\n<p>L&#8217;objectiu principal de l&#8217;activitat \u00e9s incidir en el desenvolupament integral dels nens i nenes en el medi aqu\u00e0tic i aprofitar les grans possibilitats educatives que ens ofereix aquest medi.<\/p>\n<p>Per a poder realitzar aquesta activitat, l&#8217;escola ha rebut una subvenci\u00f3 de la Diputaci\u00f3 de Girona a trav\u00e9s del programa Neda a l&#8217;escola, que ens ha perm\u00e8s cobrir gran part de la despesa de l&#8217;activitat.<\/p>\n<p>&nbsp;<\/p>\n<p><a href=\"https:\/\/agora.xtec.cat\/esc-mvayreda-roses\/wp-content\/uploads\/usu411\/2024\/09\/baixa.png\"><img loading=\"lazy\" decoding=\"async\" class=\"alignnone size-full wp-image-8101\" src=\"https:\/\/agora.xtec.cat\/esc-mvayreda-roses\/wp-content\/uploads\/usu411\/2024\/09\/baixa.png\" alt=\"\" width=\"406\" height=\"124\" srcset=\"https:\/\/agora.xtec.cat\/esc-mvayreda-roses\/wp-content\/uploads\/usu411\/2024\/09\/baixa.png 406w, https:\/\/agora.xtec.cat\/esc-mvayreda-roses\/wp-content\/uploads\/usu411\/2024\/09\/baixa-300x92.png 300w\" sizes=\"auto, (max-width: 406px) 100vw, 406px\" \/><\/a>\u00a0 \u00a0 \u00a0 \u00a0 \u00a0 \u00a0 \u00a0 \u00a0 \u00a0 \u00a0\u00a0 \u00a0 \u00a0 \u00a0 \u00a0 \u00a0 \u00a0 \u00a0 \u00a0 \u00a0 \u00a0 \u00a0 \u00a0 \u00a0 \u00a0 \u00a0 \u00a0 \u00a0 \u00a0 \u00a0 \u00a0 \u00a0 <a href=\"https:\/\/agora.xtec.cat\/esc-mvayreda-roses\/wp-content\/uploads\/usu411\/2024\/09\/baixa-1.png\"><img loading=\"lazy\" decoding=\"async\" class=\"alignnone size-full wp-image-8102\" src=\"https:\/\/agora.xtec.cat\/esc-mvayreda-roses\/wp-content\/uploads\/usu411\/2024\/09\/baixa-1.png\" alt=\"\" width=\"395\" height=\"127\" srcset=\"https:\/\/agora.xtec.cat\/esc-mvayreda-roses\/wp-content\/uploads\/usu411\/2024\/09\/baixa-1.png 395w, https:\/\/agora.xtec.cat\/esc-mvayreda-roses\/wp-content\/uploads\/usu411\/2024\/09\/baixa-1-300x96.png 300w\" sizes=\"auto, (max-width: 395px) 100vw, 395px\" \/><\/a><\/p>\n","protected":false},"excerpt":{"rendered":"<p>Com cada any, durant el 2n trimestre del curs, l&#8217;alumnat de 4t i dins de l&#8217;\u00e0rea d&#8217;Educaci\u00f3 F\u00edsica hem realitzat l&#8217;activitat aqu\u00e0tica a la Piscina Municipal de Roses.<br \/>\nL&#8217;objectiu principal de l&#8217;activitat \u00e9s incidir en el desenvolupament integral dels nens i nenes en el medi aqu\u00e0tic&hellip;  <a href=\"https:\/\/agora.xtec.cat\/esc-mvayreda-roses\/portada\/activitat-aquatica-4t\/\" title=\"Read ACTIVITAT AQU\u00c0TICA 4t\">Llegeix m\u00e9s\u00bb<\/a><\/p>\n","protected":false},"author":29,"featured_media":0,"comment_status":"closed","ping_status":"closed","sticky":false,"template":"","format":"standard","meta":{"_bbp_topic_count":0,"_bbp_reply_count":0,"_bbp_total_topic_count":0,"_bbp_total_reply_count":0,"_bbp_voice_count":0,"_bbp_anonymous_reply_count":0,"_bbp_topic_count_hidden":0,"_bbp_reply_count_hidden":0,"_bbp_forum_subforum_count":0,"footnotes":""},"categories":[4],"tags":[],"class_list":["post-8100","post","type-post","status-publish","format-standard","hentry","category-portada"],"post_mailing_queue_ids":[],"_links":{"self":[{"href":"https:\/\/agora.xtec.cat\/esc-mvayreda-roses\/wp-json\/wp\/v2\/posts\/8100","targetHints":{"allow":["GET"]}}],"collection":[{"href":"https:\/\/agora.xtec.cat\/esc-mvayreda-roses\/wp-json\/wp\/v2\/posts"}],"about":[{"href":"https:\/\/agora.xtec.cat\/esc-mvayreda-roses\/wp-json\/wp\/v2\/types\/post"}],"author":[{"embeddable":true,"href":"https:\/\/agora.xtec.cat\/esc-mvayreda-roses\/wp-json\/wp\/v2\/users\/29"}],"replies":[{"embeddable":true,"href":"https:\/\/agora.xtec.cat\/esc-mvayreda-roses\/wp-json\/wp\/v2\/comments?post=8100"}],"version-history":[{"count":3,"href":"https:\/\/agora.xtec.cat\/esc-mvayreda-roses\/wp-json\/wp\/v2\/posts\/8100\/revisions"}],"predecessor-version":[{"id":8106,"href":"https:\/\/agora.xtec.cat\/esc-mvayreda-roses\/wp-json\/wp\/v2\/posts\/8100\/revisions\/8106"}],"wp:attachment":[{"href":"https:\/\/agora.xtec.cat\/esc-mvayreda-roses\/wp-json\/wp\/v2\/media?parent=8100"}],"wp:term":[{"taxonomy":"category","embeddable":true,"href":"https:\/\/agora.xtec.cat\/esc-mvayreda-roses\/wp-json\/wp\/v2\/categories?post=8100"},{"taxonomy":"post_tag","embeddable":true,"href":"https:\/\/agora.xtec.cat\/esc-mvayreda-roses\/wp-json\/wp\/v2\/tags?post=8100"}],"curies":[{"name":"wp","href":"https:\/\/api.w.org\/{rel}","templated":true}]}}