{"id":6636,"date":"2020-07-01T18:21:09","date_gmt":"2020-07-01T16:21:09","guid":{"rendered":"http:\/\/agora.xtec.cat\/esc-mvayreda-roses\/?p=6636"},"modified":"2025-06-17T08:50:56","modified_gmt":"2025-06-17T06:50:56","slug":"comunicat-canvi-dequip-directiu","status":"publish","type":"post","link":"https:\/\/agora.xtec.cat\/esc-mvayreda-roses\/portada\/comunicat-canvi-dequip-directiu\/","title":{"rendered":"Comunicat canvi d&#8217;equip directiu"},"content":{"rendered":"<p><a href=\"http:\/\/agora.xtec.cat\/esc-mvayreda-roses\/general\/comunicat-canvi-dequip-directiu\/attachment\/girl-2934257_640\/\" rel=\"attachment wp-att-6637\"><img loading=\"lazy\" decoding=\"async\" class=\"alignnone size-full wp-image-6637\" src=\"https:\/\/agora.xtec.cat\/esc-mvayreda-roses\/wp-content\/uploads\/usu411\/2020\/07\/girl-2934257_640.jpg\" alt=\"\" width=\"640\" height=\"345\" srcset=\"https:\/\/agora.xtec.cat\/esc-mvayreda-roses\/wp-content\/uploads\/usu411\/2020\/07\/girl-2934257_640.jpg 640w, https:\/\/agora.xtec.cat\/esc-mvayreda-roses\/wp-content\/uploads\/usu411\/2020\/07\/girl-2934257_640-300x162.jpg 300w\" sizes=\"auto, (max-width: 640px) 100vw, 640px\" \/><\/a><\/p>\n<p>Fa quinze anys va comen\u00e7ar l\u2019aventura d\u2019engegar una escola del no res. Cinc mestres \u00e9rem al primer claustre i ara en som m\u00e9s de trenta. Durant dotze anys rem\u00e0vem per arribar a tenir una escola d\u2019obra per fora i de qualitat per dintre, i en fa tres que vam arribar al port de l\u2019escola nova, sempre treballant per l\u2019alumnat.<\/p>\n<p>Ara m\u2019ha arribat el torn de cedir el tim\u00f3. Aquests anys han estat enriquidors i intensos, per\u00f2 tamb\u00e9 dif\u00edcils i l\u2019energia personal se m\u2019ha anat gastant. \u00c9s l\u2019hora que l\u2019escola segueixi endavant a les mans de mestres m\u00e9s joves, amb noves energies, per afrontar els temps dif\u00edcils que estem vivint.<\/p>\n<p>Durant els darrers quatre anys he compartit equip amb la S\u00edlvia, la cap d\u2019estudis i en Lluci\u00e0, el secretari. La S\u00edlvia la trobareu altre cop en el nou Equip Directiu, per\u00f2 en Lluci\u00e0 tamb\u00e9 deixa el c\u00e0rrec. La seva feina \u00e9s m\u00e9s de cares en dins, per\u00f2 la seva efic\u00e0cia, discreci\u00f3 i el seu bon criteri ens ha ajudat a aprendre tamb\u00e9 en molts aspectes de l\u2019educaci\u00f3 dels nens i nenes.<\/p>\n<p>Ens acomiadem de tots i totes com a secretari i directora. Com a mestres seguirem treballant al centre intentant ajudar en tot el que calgui.<\/p>\n<p>Ha estat un plaer compartir la navegaci\u00f3 d\u2019aquests anys amb tants companys, tantes fam\u00edlies i tants alumnes, com hem arribat a con\u00e8ixer. Bona sort al nou Equip Directiu!<\/p>\n<p style=\"text-align: right;\">Montse Testar i Lluci\u00e0 Garcia.<\/p>\n","protected":false},"excerpt":{"rendered":"<p><a href=\"http:\/\/agora.xtec.cat\/esc-mvayreda-roses\/general\/comunicat-canvi-dequip-directiu\/attachment\/girl-2934257_640\/\" rel=\"attachment wp-att-6637\"><\/a><br \/>\nFa quinze anys va comen\u00e7ar l\u2019aventura d\u2019engegar una escola del no res. Cinc mestres \u00e9rem al primer claustre i ara en som m\u00e9s de trenta. Durant dotze anys rem\u00e0vem per arribar a tenir una escola d\u2019obra per fora i de qualitat per&hellip;  <a href=\"https:\/\/agora.xtec.cat\/esc-mvayreda-roses\/portada\/comunicat-canvi-dequip-directiu\/\" title=\"Read Comunicat canvi d&#8217;equip directiu\">Llegeix m\u00e9s\u00bb<\/a><\/p>\n","protected":false},"author":1,"featured_media":6637,"comment_status":"closed","ping_status":"closed","sticky":false,"template":"","format":"standard","meta":{"_bbp_topic_count":0,"_bbp_reply_count":0,"_bbp_total_topic_count":0,"_bbp_total_reply_count":0,"_bbp_voice_count":0,"_bbp_anonymous_reply_count":0,"_bbp_topic_count_hidden":0,"_bbp_reply_count_hidden":0,"_bbp_forum_subforum_count":0,"footnotes":""},"categories":[4],"tags":[],"class_list":["post-6636","post","type-post","status-publish","format-standard","has-post-thumbnail","hentry","category-portada"],"post_mailing_queue_ids":[],"_links":{"self":[{"href":"https:\/\/agora.xtec.cat\/esc-mvayreda-roses\/wp-json\/wp\/v2\/posts\/6636","targetHints":{"allow":["GET"]}}],"collection":[{"href":"https:\/\/agora.xtec.cat\/esc-mvayreda-roses\/wp-json\/wp\/v2\/posts"}],"about":[{"href":"https:\/\/agora.xtec.cat\/esc-mvayreda-roses\/wp-json\/wp\/v2\/types\/post"}],"author":[{"embeddable":true,"href":"https:\/\/agora.xtec.cat\/esc-mvayreda-roses\/wp-json\/wp\/v2\/users\/1"}],"replies":[{"embeddable":true,"href":"https:\/\/agora.xtec.cat\/esc-mvayreda-roses\/wp-json\/wp\/v2\/comments?post=6636"}],"version-history":[{"count":2,"href":"https:\/\/agora.xtec.cat\/esc-mvayreda-roses\/wp-json\/wp\/v2\/posts\/6636\/revisions"}],"predecessor-version":[{"id":6639,"href":"https:\/\/agora.xtec.cat\/esc-mvayreda-roses\/wp-json\/wp\/v2\/posts\/6636\/revisions\/6639"}],"wp:featuredmedia":[{"embeddable":true,"href":"https:\/\/agora.xtec.cat\/esc-mvayreda-roses\/wp-json\/wp\/v2\/media\/6637"}],"wp:attachment":[{"href":"https:\/\/agora.xtec.cat\/esc-mvayreda-roses\/wp-json\/wp\/v2\/media?parent=6636"}],"wp:term":[{"taxonomy":"category","embeddable":true,"href":"https:\/\/agora.xtec.cat\/esc-mvayreda-roses\/wp-json\/wp\/v2\/categories?post=6636"},{"taxonomy":"post_tag","embeddable":true,"href":"https:\/\/agora.xtec.cat\/esc-mvayreda-roses\/wp-json\/wp\/v2\/tags?post=6636"}],"curies":[{"name":"wp","href":"https:\/\/api.w.org\/{rel}","templated":true}]}}