{"id":3635,"date":"2025-06-01T12:28:08","date_gmt":"2025-06-01T10:28:08","guid":{"rendered":"http:\/\/agora.xtec.cat\/esc-mvayreda-roses\/?p=3635"},"modified":"2025-07-10T12:19:12","modified_gmt":"2025-07-10T10:19:12","slug":"esmorzar-saludable","status":"publish","type":"post","link":"https:\/\/agora.xtec.cat\/esc-mvayreda-roses\/portada\/esmorzar-saludable\/","title":{"rendered":"Esmorzar saludable a l&#8217;escola"},"content":{"rendered":"<p style=\"text-align: center;\"><strong>L&#8217;esmorzar \u00e9s un dels \u00e0pats m\u00e9s importants del dia<\/strong>, sobretot per als nens i nenes que van a l&#8217;escola. Un bon esmorzar saludable ajuda a tenir energia i concentraci\u00f3 per aprendre millor. \u00c9s important incloure aliments variats i evitar els productes amb molt de sucre o greixos, com la brioixeria industrial.<br \/>\nEsmorzar b\u00e9 \u00e9s una manera de cuidar el cos i el cervell!<\/p>\n<p><a href=\"https:\/\/agora.xtec.cat\/esc-mvayreda-roses\/wp-content\/uploads\/usu411\/2018\/09\/Esmorzar-saludable.jpg\"><img loading=\"lazy\" decoding=\"async\" class=\"alignnone size-large wp-image-8243\" src=\"https:\/\/agora.xtec.cat\/esc-mvayreda-roses\/wp-content\/uploads\/usu411\/2018\/09\/Esmorzar-saludable-1024x576.jpg\" alt=\"\" width=\"1024\" height=\"576\" srcset=\"https:\/\/agora.xtec.cat\/esc-mvayreda-roses\/wp-content\/uploads\/usu411\/2018\/09\/Esmorzar-saludable-1024x576.jpg 1024w, https:\/\/agora.xtec.cat\/esc-mvayreda-roses\/wp-content\/uploads\/usu411\/2018\/09\/Esmorzar-saludable-300x169.jpg 300w, https:\/\/agora.xtec.cat\/esc-mvayreda-roses\/wp-content\/uploads\/usu411\/2018\/09\/Esmorzar-saludable-768x432.jpg 768w, https:\/\/agora.xtec.cat\/esc-mvayreda-roses\/wp-content\/uploads\/usu411\/2018\/09\/Esmorzar-saludable-1536x864.jpg 1536w, https:\/\/agora.xtec.cat\/esc-mvayreda-roses\/wp-content\/uploads\/usu411\/2018\/09\/Esmorzar-saludable.jpg 1920w\" sizes=\"auto, (max-width: 1024px) 100vw, 1024px\" \/><\/a><\/p>\n","protected":false},"excerpt":{"rendered":"<p>L&#8217;esmorzar \u00e9s un dels \u00e0pats m\u00e9s importants del dia, sobretot per als nens i nenes que van a l&#8217;escola. Un bon esmorzar saludable ajuda a tenir energia i concentraci\u00f3 per aprendre millor. \u00c9s important incloure aliments variats i evitar els productes amb molt de sucre&hellip;  <a href=\"https:\/\/agora.xtec.cat\/esc-mvayreda-roses\/portada\/esmorzar-saludable\/\" title=\"Read Esmorzar saludable a l&#8217;escola\">Llegeix m\u00e9s\u00bb<\/a><\/p>\n","protected":false},"author":1,"featured_media":0,"comment_status":"closed","ping_status":"closed","sticky":false,"template":"","format":"standard","meta":{"_bbp_topic_count":0,"_bbp_reply_count":0,"_bbp_total_topic_count":0,"_bbp_total_reply_count":0,"_bbp_voice_count":0,"_bbp_anonymous_reply_count":0,"_bbp_topic_count_hidden":0,"_bbp_reply_count_hidden":0,"_bbp_forum_subforum_count":0,"footnotes":""},"categories":[4],"tags":[159,157],"class_list":["post-3635","post","type-post","status-publish","format-standard","hentry","category-portada","tag-alimentacio","tag-esmorzar-saludable"],"post_mailing_queue_ids":[],"_links":{"self":[{"href":"https:\/\/agora.xtec.cat\/esc-mvayreda-roses\/wp-json\/wp\/v2\/posts\/3635","targetHints":{"allow":["GET"]}}],"collection":[{"href":"https:\/\/agora.xtec.cat\/esc-mvayreda-roses\/wp-json\/wp\/v2\/posts"}],"about":[{"href":"https:\/\/agora.xtec.cat\/esc-mvayreda-roses\/wp-json\/wp\/v2\/types\/post"}],"author":[{"embeddable":true,"href":"https:\/\/agora.xtec.cat\/esc-mvayreda-roses\/wp-json\/wp\/v2\/users\/1"}],"replies":[{"embeddable":true,"href":"https:\/\/agora.xtec.cat\/esc-mvayreda-roses\/wp-json\/wp\/v2\/comments?post=3635"}],"version-history":[{"count":6,"href":"https:\/\/agora.xtec.cat\/esc-mvayreda-roses\/wp-json\/wp\/v2\/posts\/3635\/revisions"}],"predecessor-version":[{"id":8244,"href":"https:\/\/agora.xtec.cat\/esc-mvayreda-roses\/wp-json\/wp\/v2\/posts\/3635\/revisions\/8244"}],"wp:attachment":[{"href":"https:\/\/agora.xtec.cat\/esc-mvayreda-roses\/wp-json\/wp\/v2\/media?parent=3635"}],"wp:term":[{"taxonomy":"category","embeddable":true,"href":"https:\/\/agora.xtec.cat\/esc-mvayreda-roses\/wp-json\/wp\/v2\/categories?post=3635"},{"taxonomy":"post_tag","embeddable":true,"href":"https:\/\/agora.xtec.cat\/esc-mvayreda-roses\/wp-json\/wp\/v2\/tags?post=3635"}],"curies":[{"name":"wp","href":"https:\/\/api.w.org\/{rel}","templated":true}]}}