{"id":710,"date":"2022-03-30T17:00:19","date_gmt":"2022-03-30T15:00:19","guid":{"rendered":"https:\/\/agora.xtec.cat\/esc-musicamartorell\/?p=710"},"modified":"2022-06-04T21:58:47","modified_gmt":"2022-06-04T19:58:47","slug":"concert-a-lauditori-de-lescola","status":"publish","type":"post","link":"https:\/\/agora.xtec.cat\/esc-musicamartorell\/general\/audicions\/concert-a-lauditori-de-lescola\/","title":{"rendered":"Concert a l&#8217;Auditori de l&#8217;Escola"},"content":{"rendered":"<p><img loading=\"lazy\" decoding=\"async\" class=\"wp-image-711 size-large aligncenter\" src=\"https:\/\/agora.xtec.cat\/esc-musicamartorell\/wp-content\/uploads\/usu2511\/2022\/03\/ElevensQuartet-829x1024.jpg\" alt=\"\" width=\"829\" height=\"1024\" srcset=\"https:\/\/agora.xtec.cat\/esc-musicamartorell\/wp-content\/uploads\/usu2511\/2022\/03\/ElevensQuartet-829x1024.jpg 829w, https:\/\/agora.xtec.cat\/esc-musicamartorell\/wp-content\/uploads\/usu2511\/2022\/03\/ElevensQuartet-243x300.jpg 243w, https:\/\/agora.xtec.cat\/esc-musicamartorell\/wp-content\/uploads\/usu2511\/2022\/03\/ElevensQuartet-768x949.jpg 768w, https:\/\/agora.xtec.cat\/esc-musicamartorell\/wp-content\/uploads\/usu2511\/2022\/03\/ElevensQuartet.jpg 1080w\" sizes=\"auto, (max-width: 829px) 100vw, 829px\" \/><\/p>\n<p>Aquest divendres 1 d&#8217;abril,\u00a0 estarem molt contents de rebre als <strong>Eleven&#8217;s Quartet, <\/strong>que ens oferiran un concert a l&#8217;auditori de l&#8217;escola. \u00c9s una formaci\u00f3 que neix a l&#8217;Escola de M\u00fasica de Martorell, ja que tots els integrants hi han realitzat estudis musicals. Sovint participen de la Jam Session que fem cada final de mes a l&#8217;Ateneu, per\u00f2 aquest cop els hem volgut oferir un merescut espai per poder compartir la seva m\u00fasica amb tots nosaltres. Els <strong>Eleven&#8217;s Quartet<\/strong> \u00e9s una proposta que barreja les sonoritats mes contempor\u00e0nies amb el jazz d&#8217;arrel, un projecte sonor personal i agosarat, apte per als oients m\u00e9s valents;)<\/p>\n<p>El grup est\u00e0 format per:<\/p>\n<p>Maria Camps, piano<\/p>\n<p>\u00c1lvaro Negrillo, baix el\u00e8ctric<\/p>\n<p>Jorge Molina, guitarra el\u00e8ctrica<\/p>\n<p>Sergi Miranda, bateria<\/p>\n<p>Aix\u00ed doncs, us esperem a l&#8217;auditori de l&#8217;escola aquest divendres dia 1 d&#8217;abril a les 19h de la tarda.<\/p>\n","protected":false},"excerpt":{"rendered":"<p>Aquest divendres 1 d&#8217;abril,\u00a0 estarem molt contents de rebre als Eleven&#8217;s Quartet, que ens oferiran un concert a l&#8217;auditori de l&#8217;escola. \u00c9s una formaci\u00f3 que neix a l&#8217;Escola de M\u00fasica de Martorell, ja que tots els integrants hi han realitzat estudis musicals. Sovint participen de&hellip;  <a href=\"https:\/\/agora.xtec.cat\/esc-musicamartorell\/general\/audicions\/concert-a-lauditori-de-lescola\/\" title=\"Read Concert a l&#8217;Auditori de l&#8217;Escola\">Llegeix m\u00e9s\u00bb<\/a><\/p>\n","protected":false},"author":1,"featured_media":711,"comment_status":"open","ping_status":"closed","sticky":false,"template":"","format":"standard","meta":{"_bbp_topic_count":0,"_bbp_reply_count":0,"_bbp_total_topic_count":0,"_bbp_total_reply_count":0,"_bbp_voice_count":0,"_bbp_anonymous_reply_count":0,"_bbp_topic_count_hidden":0,"_bbp_reply_count_hidden":0,"_bbp_forum_subforum_count":0,"footnotes":""},"categories":[128,173],"tags":[157,144,143,154,158,156,131,138,155],"class_list":["post-710","post","type-post","status-publish","format-standard","has-post-thumbnail","hentry","category-audicions","category-curs-2021-22","tag-alvaronegrillo","tag-audicio","tag-concert","tag-elevensquartet","tag-jorgemolina","tag-mariacamps","tag-martorell","tag-musica","tag-sergimiranda"],"post_mailing_queue_ids":[],"_links":{"self":[{"href":"https:\/\/agora.xtec.cat\/esc-musicamartorell\/wp-json\/wp\/v2\/posts\/710","targetHints":{"allow":["GET"]}}],"collection":[{"href":"https:\/\/agora.xtec.cat\/esc-musicamartorell\/wp-json\/wp\/v2\/posts"}],"about":[{"href":"https:\/\/agora.xtec.cat\/esc-musicamartorell\/wp-json\/wp\/v2\/types\/post"}],"author":[{"embeddable":true,"href":"https:\/\/agora.xtec.cat\/esc-musicamartorell\/wp-json\/wp\/v2\/users\/1"}],"replies":[{"embeddable":true,"href":"https:\/\/agora.xtec.cat\/esc-musicamartorell\/wp-json\/wp\/v2\/comments?post=710"}],"version-history":[{"count":3,"href":"https:\/\/agora.xtec.cat\/esc-musicamartorell\/wp-json\/wp\/v2\/posts\/710\/revisions"}],"predecessor-version":[{"id":715,"href":"https:\/\/agora.xtec.cat\/esc-musicamartorell\/wp-json\/wp\/v2\/posts\/710\/revisions\/715"}],"wp:featuredmedia":[{"embeddable":true,"href":"https:\/\/agora.xtec.cat\/esc-musicamartorell\/wp-json\/wp\/v2\/media\/711"}],"wp:attachment":[{"href":"https:\/\/agora.xtec.cat\/esc-musicamartorell\/wp-json\/wp\/v2\/media?parent=710"}],"wp:term":[{"taxonomy":"category","embeddable":true,"href":"https:\/\/agora.xtec.cat\/esc-musicamartorell\/wp-json\/wp\/v2\/categories?post=710"},{"taxonomy":"post_tag","embeddable":true,"href":"https:\/\/agora.xtec.cat\/esc-musicamartorell\/wp-json\/wp\/v2\/tags?post=710"}],"curies":[{"name":"wp","href":"https:\/\/api.w.org\/{rel}","templated":true}]}}