{"id":633,"date":"2021-06-27T12:08:03","date_gmt":"2021-06-27T10:08:03","guid":{"rendered":"https:\/\/agora.xtec.cat\/esc-musicamartorell\/?p=633"},"modified":"2022-06-04T21:53:55","modified_gmt":"2022-06-04T19:53:55","slug":"projecte-fi-de-curs-20-21-%c2%b7-aprofundiment-1-%c2%b7-canco","status":"publish","type":"post","link":"https:\/\/agora.xtec.cat\/esc-musicamartorell\/ap\/projecte-fi-de-curs-20-21-%c2%b7-aprofundiment-1-%c2%b7-canco\/","title":{"rendered":"Projecte Fi de curs 20-21 \u00b7 Aprofundiment 1 \u00b7 Can\u00e7\u00f3"},"content":{"rendered":"<p>En aquest curs 20-21 a l&#8217;Escola de M\u00fasica hem iniciat una nova especialitat d&#8217;aprofundiment, consacrat a la Can\u00e7\u00f3 com a estil musical. L&#8217;objectiu d&#8217;aquest aprofundiment \u00e9s el de descobrir com funciona aquest estil musical tan popular i present a la vida dels nostres alumnes (a nivell de lletres, melodies, harmonia, estructura, etc) i a la vegada adquirir coneixements musicals que de ben segur es poden aplicar a altres pr\u00e0ctiques musicals m\u00e9s enll\u00e0 de la composici\u00f3 de can\u00e7ons.<\/p>\n<p>El curs, impartit per la professora de l&#8217;escola Anna Roig,\u00a0cantant i compositora de can\u00e7ons,\u00a0s&#8217;ha estructurat en tres blocs: El primer ha estat dedicat a con\u00e8ixer la part m\u00e9s te\u00f2rica del funcionament de les can\u00e7ons, el segon ha consistit en l&#8217;an\u00e0lisi de diverses can\u00e7ons i, el tercer, ha estat la realitzaci\u00f3 d&#8217;un projecte final consistent en que cada alumne compos\u00e9s la seva pr\u00f2pia can\u00e7\u00f3.<\/p>\n<p>L&#8217;experi\u00e8ncia d&#8217;aquest primer curs de can\u00e7\u00f3 ha estat molt bona i els alumnes, que es confrontaven per primer cop a aquest estil musical, han demostrat d&#8217;una manera molt brillant el fruit del seus aprenentatges amb les seves composicions, que podeu veure en el v\u00eddeo que trobareu a continuaci\u00f3.<\/p>\n<p style=\"text-align: center;\"><iframe loading=\"lazy\" src=\"\/\/www.youtube.com\/embed\/YFhnpw4m6zE\" width=\"560\" height=\"315\" frameborder=\"0\"><\/iframe><\/p>\n<p>Des de l&#8217;Escola Municipal de M\u00fasica de Martorell es seguir\u00e0 ofertant aquesta especialitat d&#8217;aprofundiment per als cursos seg\u00fcents, que est\u00e0 oberta no nom\u00e9s als alumnes de l&#8217;escola sin\u00f3 tamb\u00e9 a qualsevol persona interessada en descobrir o aprofundir en el coneixement de la can\u00e7\u00f3 com a estil musical. Les inscripcions ja estan obertes i es poden dur a terme a trav\u00e9s d&#8217;aquest <a href=\"https:\/\/docs.google.com\/forms\/d\/e\/1FAIpQLSckyIx2GL6WpqFc1hoCE4GW3ipr2BZyOsN_A1lmR_e27VbupQ\/viewform\">FORMULARI<\/a><\/p>\n","protected":false},"excerpt":{"rendered":"<p>En aquest curs 20-21 a l&#8217;Escola de M\u00fasica hem iniciat una nova especialitat d&#8217;aprofundiment, consacrat a la Can\u00e7\u00f3 com a estil musical. L&#8217;objectiu d&#8217;aquest aprofundiment \u00e9s el de descobrir com funciona aquest estil musical tan popular i present a la vida dels nostres alumnes (a&hellip;  <a href=\"https:\/\/agora.xtec.cat\/esc-musicamartorell\/ap\/projecte-fi-de-curs-20-21-%c2%b7-aprofundiment-1-%c2%b7-canco\/\" title=\"Read Projecte Fi de curs 20-21 \u00b7 Aprofundiment 1 \u00b7 Can\u00e7\u00f3\">Llegeix m\u00e9s\u00bb<\/a><\/p>\n","protected":false},"author":1,"featured_media":634,"comment_status":"open","ping_status":"closed","sticky":false,"template":"","format":"standard","meta":{"_bbp_topic_count":0,"_bbp_reply_count":0,"_bbp_total_topic_count":0,"_bbp_total_reply_count":0,"_bbp_voice_count":0,"_bbp_anonymous_reply_count":0,"_bbp_topic_count_hidden":0,"_bbp_reply_count_hidden":0,"_bbp_forum_subforum_count":0,"footnotes":""},"categories":[31,114,171],"tags":[],"class_list":["post-633","post","type-post","status-publish","format-standard","has-post-thumbnail","hentry","category-ap","category-ap1","category-curs-2020-21"],"post_mailing_queue_ids":[],"_links":{"self":[{"href":"https:\/\/agora.xtec.cat\/esc-musicamartorell\/wp-json\/wp\/v2\/posts\/633","targetHints":{"allow":["GET"]}}],"collection":[{"href":"https:\/\/agora.xtec.cat\/esc-musicamartorell\/wp-json\/wp\/v2\/posts"}],"about":[{"href":"https:\/\/agora.xtec.cat\/esc-musicamartorell\/wp-json\/wp\/v2\/types\/post"}],"author":[{"embeddable":true,"href":"https:\/\/agora.xtec.cat\/esc-musicamartorell\/wp-json\/wp\/v2\/users\/1"}],"replies":[{"embeddable":true,"href":"https:\/\/agora.xtec.cat\/esc-musicamartorell\/wp-json\/wp\/v2\/comments?post=633"}],"version-history":[{"count":3,"href":"https:\/\/agora.xtec.cat\/esc-musicamartorell\/wp-json\/wp\/v2\/posts\/633\/revisions"}],"predecessor-version":[{"id":637,"href":"https:\/\/agora.xtec.cat\/esc-musicamartorell\/wp-json\/wp\/v2\/posts\/633\/revisions\/637"}],"wp:featuredmedia":[{"embeddable":true,"href":"https:\/\/agora.xtec.cat\/esc-musicamartorell\/wp-json\/wp\/v2\/media\/634"}],"wp:attachment":[{"href":"https:\/\/agora.xtec.cat\/esc-musicamartorell\/wp-json\/wp\/v2\/media?parent=633"}],"wp:term":[{"taxonomy":"category","embeddable":true,"href":"https:\/\/agora.xtec.cat\/esc-musicamartorell\/wp-json\/wp\/v2\/categories?post=633"},{"taxonomy":"post_tag","embeddable":true,"href":"https:\/\/agora.xtec.cat\/esc-musicamartorell\/wp-json\/wp\/v2\/tags?post=633"}],"curies":[{"name":"wp","href":"https:\/\/api.w.org\/{rel}","templated":true}]}}