{"id":946,"date":"2016-07-11T13:23:54","date_gmt":"2016-07-11T12:23:54","guid":{"rendered":"http:\/\/agora.xtec.cat\/esc-musica-parets\/?p=946"},"modified":"2016-07-11T13:45:13","modified_gmt":"2016-07-11T12:45:13","slug":"col%c2%b7laboracio-amb-els-diables-de-parets-en-el-seu-20e-aniversari","status":"publish","type":"post","link":"https:\/\/agora.xtec.cat\/esc-musica-parets\/general\/col%c2%b7laboracio-amb-els-diables-de-parets-en-el-seu-20e-aniversari\/","title":{"rendered":"Col\u00b7laboraci\u00f3 amb els Diables de Parets en el seu 20\u00e8 aniversari"},"content":{"rendered":"<p>Amb motiu del 20\u00e8 aniverari de la creaci\u00f3 de la colla de Diables de Parets, aquesta entitat ha elaborat un espectacle en el que es combina pirot\u00e8cnia, foc, m\u00fasica i text. Els textos, a c\u00e0rrec de Merc\u00e8 Alcayna, narren la hist\u00f2ria d&#8217;un nen que vol ser diablet i cerca el consentiment dels seus pares.<\/p>\n<p>Donada la circumst\u00e0ncia especial de l&#8217;esdeveniment, Alcayna va decidir incorporar diferents col\u00b7laboradors i col\u00b7laboradores d&#8217;altres disciplines no habituals en un espectacle de diables. En aquest sentit, va optar per incorporar m\u00fasica a la ja habitual banda de tabals que acompanya als diables. Per aquest motiu va contactar amb l&#8217;Escola Municipal de M\u00fasica i va descobrir que, ara fa 20 anys, Jordi Azagra ja havia composat m\u00fasiques per a la colla de Diables i tamb\u00e9 de Gegants de Parets. D&#8217;aquesta manera es van recuperar per a la ocasi\u00f3 la &#8220;Can\u00e7\u00f3 dels Diablets&#8221;, &#8220;Ball galant&#8221; i &#8220;La Nit&#8221;, que van sonar en directe durant l&#8217;espectacle a c\u00e0rrec de Jordi Azagra al teclat i Abril Gonz\u00e1lez al viol\u00ed.<\/p>\n<p>L&#8217;espectacle en general va resultat tot un \u00e8xit. La feina feta per la colla al llarg de varios mesos, va tenir la seva recompensa. Enhorabona!!<\/p>\n<p><a href=\"http:\/\/agora.xtec.cat\/esc-musica-parets\/wp-content\/uploads\/usu1283\/2016\/07\/IMG-20160709-WA0002.jpg\"><img loading=\"lazy\" decoding=\"async\" class=\"alignnone size-large wp-image-947\" src=\"http:\/\/agora.xtec.cat\/esc-musica-parets\/wp-content\/uploads\/usu1283\/2016\/07\/IMG-20160709-WA0002-1024x576.jpg\" alt=\"IMG-20160709-WA0002\" width=\"1024\" height=\"576\" srcset=\"https:\/\/agora.xtec.cat\/esc-musica-parets\/wp-content\/uploads\/usu1283\/2016\/07\/IMG-20160709-WA0002-1024x576.jpg 1024w, https:\/\/agora.xtec.cat\/esc-musica-parets\/wp-content\/uploads\/usu1283\/2016\/07\/IMG-20160709-WA0002-300x169.jpg 300w, https:\/\/agora.xtec.cat\/esc-musica-parets\/wp-content\/uploads\/usu1283\/2016\/07\/IMG-20160709-WA0002-768x432.jpg 768w, https:\/\/agora.xtec.cat\/esc-musica-parets\/wp-content\/uploads\/usu1283\/2016\/07\/IMG-20160709-WA0002.jpg 1600w\" sizes=\"auto, (max-width: 1024px) 100vw, 1024px\" \/><\/a><\/p>\n","protected":false},"excerpt":{"rendered":"<p>Amb motiu del 20\u00e8 aniverari de la creaci\u00f3 de la colla de Diables de Parets, aquesta entitat ha elaborat un espectacle en el que es combina pirot\u00e8cnia, foc, m\u00fasica i text. Els textos, a c\u00e0rrec de Merc\u00e8 Alcayna, narren la hist\u00f2ria d&#8217;un nen que vol&hellip;  <a href=\"https:\/\/agora.xtec.cat\/esc-musica-parets\/general\/col%c2%b7laboracio-amb-els-diables-de-parets-en-el-seu-20e-aniversari\/\" title=\"Read Col\u00b7laboraci\u00f3 amb els Diables de Parets en el seu 20\u00e8 aniversari\">Llegeix m\u00e9s\u00bb<\/a><\/p>\n","protected":false},"author":1,"featured_media":947,"comment_status":"open","ping_status":"open","sticky":false,"template":"","format":"standard","meta":{"_bbp_topic_count":0,"_bbp_reply_count":0,"_bbp_total_topic_count":0,"_bbp_total_reply_count":0,"_bbp_voice_count":0,"_bbp_anonymous_reply_count":0,"_bbp_topic_count_hidden":0,"_bbp_reply_count_hidden":0,"_bbp_forum_subforum_count":0,"footnotes":""},"categories":[1,29],"tags":[130],"class_list":["post-946","post","type-post","status-publish","format-standard","has-post-thumbnail","hentry","category-general","category-portada","tag-diables"],"post_mailing_queue_ids":[],"_links":{"self":[{"href":"https:\/\/agora.xtec.cat\/esc-musica-parets\/wp-json\/wp\/v2\/posts\/946","targetHints":{"allow":["GET"]}}],"collection":[{"href":"https:\/\/agora.xtec.cat\/esc-musica-parets\/wp-json\/wp\/v2\/posts"}],"about":[{"href":"https:\/\/agora.xtec.cat\/esc-musica-parets\/wp-json\/wp\/v2\/types\/post"}],"author":[{"embeddable":true,"href":"https:\/\/agora.xtec.cat\/esc-musica-parets\/wp-json\/wp\/v2\/users\/1"}],"replies":[{"embeddable":true,"href":"https:\/\/agora.xtec.cat\/esc-musica-parets\/wp-json\/wp\/v2\/comments?post=946"}],"version-history":[{"count":2,"href":"https:\/\/agora.xtec.cat\/esc-musica-parets\/wp-json\/wp\/v2\/posts\/946\/revisions"}],"predecessor-version":[{"id":949,"href":"https:\/\/agora.xtec.cat\/esc-musica-parets\/wp-json\/wp\/v2\/posts\/946\/revisions\/949"}],"wp:featuredmedia":[{"embeddable":true,"href":"https:\/\/agora.xtec.cat\/esc-musica-parets\/wp-json\/wp\/v2\/media\/947"}],"wp:attachment":[{"href":"https:\/\/agora.xtec.cat\/esc-musica-parets\/wp-json\/wp\/v2\/media?parent=946"}],"wp:term":[{"taxonomy":"category","embeddable":true,"href":"https:\/\/agora.xtec.cat\/esc-musica-parets\/wp-json\/wp\/v2\/categories?post=946"},{"taxonomy":"post_tag","embeddable":true,"href":"https:\/\/agora.xtec.cat\/esc-musica-parets\/wp-json\/wp\/v2\/tags?post=946"}],"curies":[{"name":"wp","href":"https:\/\/api.w.org\/{rel}","templated":true}]}}