{"id":881,"date":"2016-06-30T18:56:21","date_gmt":"2016-06-30T17:56:21","guid":{"rendered":"http:\/\/agora.xtec.cat\/esc-musica-parets\/?p=881"},"modified":"2016-07-12T13:54:45","modified_gmt":"2016-07-12T12:54:45","slug":"memoria-dactivitats-curs-2015-16","status":"publish","type":"post","link":"https:\/\/agora.xtec.cat\/esc-musica-parets\/general\/memoria-dactivitats-curs-2015-16\/","title":{"rendered":"MEM\u00d2RIA D&#8217;ACTIVITATS &#8211; curs 2015-16"},"content":{"rendered":"<p>Ja podeu consultar la mem\u00f2ria d&#8217;activitats dutes a terme des del nostre centre al llarg del curs 2015-16. Com ja ve essent habitual, una gran quantitat d&#8217;activitats musicals han envoltat el nostre dia a dia impartint classes, per\u00f2 tal i com vam establir en el nou projete educatiu de centre, la nostra prioritat \u00e9s la d'&#8221;aprendre m\u00fasica fent m\u00fasica&#8221;. I en aquest sentit, tots els alumnes del centre, ja sigui tocant, ja sigui cantant, gaudeixen de la m\u00fasica en tota la seva extensi\u00f3 i, per a nosaltres professors i professores, ens representa un orgull mostrar els seus progressos i constatar que, dia a dia, creixem com a centre.<\/p>\n<p><a href=\"http:\/\/agora.xtec.cat\/esc-musica-parets\/wp-content\/uploads\/usu1283\/2016\/07\/Mem\u00f2ria-activitats-curs-2015-16-Escola-de-M\u00fasica2.pdf\">Mem\u00f2ria activitats curs 2015-16 &#8211; Escola Municipal de M\u00fasica<\/a><\/p>\n<p>Ara toca descansar i agafar forces pel curs vinent. Molt bones vacances a tothom!!!<\/p>\n<p>&nbsp;<\/p>\n","protected":false},"excerpt":{"rendered":"<p>Ja podeu consultar la mem\u00f2ria d&#8217;activitats dutes a terme des del nostre centre al llarg del curs 2015-16. Ara toca descansar i agafar forces pel curs vinent. Molt bones vacances a tothom!!!&hellip;  <a href=\"https:\/\/agora.xtec.cat\/esc-musica-parets\/general\/memoria-dactivitats-curs-2015-16\/\" title=\"Read MEM\u00d2RIA D&#8217;ACTIVITATS &#8211; curs 2015-16\">Llegeix m\u00e9s\u00bb<\/a><\/p>\n","protected":false},"author":1,"featured_media":897,"comment_status":"open","ping_status":"open","sticky":false,"template":"","format":"standard","meta":{"_bbp_topic_count":0,"_bbp_reply_count":0,"_bbp_total_topic_count":0,"_bbp_total_reply_count":0,"_bbp_voice_count":0,"_bbp_anonymous_reply_count":0,"_bbp_topic_count_hidden":0,"_bbp_reply_count_hidden":0,"_bbp_forum_subforum_count":0,"footnotes":""},"categories":[1,29],"tags":[143,121],"class_list":["post-881","post","type-post","status-publish","format-standard","has-post-thumbnail","hentry","category-general","category-portada","tag-curs","tag-memoria"],"post_mailing_queue_ids":[],"_links":{"self":[{"href":"https:\/\/agora.xtec.cat\/esc-musica-parets\/wp-json\/wp\/v2\/posts\/881","targetHints":{"allow":["GET"]}}],"collection":[{"href":"https:\/\/agora.xtec.cat\/esc-musica-parets\/wp-json\/wp\/v2\/posts"}],"about":[{"href":"https:\/\/agora.xtec.cat\/esc-musica-parets\/wp-json\/wp\/v2\/types\/post"}],"author":[{"embeddable":true,"href":"https:\/\/agora.xtec.cat\/esc-musica-parets\/wp-json\/wp\/v2\/users\/1"}],"replies":[{"embeddable":true,"href":"https:\/\/agora.xtec.cat\/esc-musica-parets\/wp-json\/wp\/v2\/comments?post=881"}],"version-history":[{"count":3,"href":"https:\/\/agora.xtec.cat\/esc-musica-parets\/wp-json\/wp\/v2\/posts\/881\/revisions"}],"predecessor-version":[{"id":899,"href":"https:\/\/agora.xtec.cat\/esc-musica-parets\/wp-json\/wp\/v2\/posts\/881\/revisions\/899"}],"wp:featuredmedia":[{"embeddable":true,"href":"https:\/\/agora.xtec.cat\/esc-musica-parets\/wp-json\/wp\/v2\/media\/897"}],"wp:attachment":[{"href":"https:\/\/agora.xtec.cat\/esc-musica-parets\/wp-json\/wp\/v2\/media?parent=881"}],"wp:term":[{"taxonomy":"category","embeddable":true,"href":"https:\/\/agora.xtec.cat\/esc-musica-parets\/wp-json\/wp\/v2\/categories?post=881"},{"taxonomy":"post_tag","embeddable":true,"href":"https:\/\/agora.xtec.cat\/esc-musica-parets\/wp-json\/wp\/v2\/tags?post=881"}],"curies":[{"name":"wp","href":"https:\/\/api.w.org\/{rel}","templated":true}]}}