{"id":859,"date":"2016-06-28T18:42:00","date_gmt":"2016-06-28T17:42:00","guid":{"rendered":"http:\/\/agora.xtec.cat\/esc-musica-parets\/?p=859"},"modified":"2016-06-28T18:47:59","modified_gmt":"2016-06-28T17:47:59","slug":"linera-kids-9-de-juliol-a-les-12h","status":"publish","type":"post","link":"https:\/\/agora.xtec.cat\/esc-musica-parets\/general\/linera-kids-9-de-juliol-a-les-12h\/","title":{"rendered":"Linera Kids &#8211; 9 de juliol a les 12h"},"content":{"rendered":"<p><a href=\"http:\/\/agora.xtec.cat\/esc-musica-parets\/wp-content\/uploads\/usu1283\/2016\/06\/13230358_1744870999059978_6640650855289801841_n.jpg\" rel=\"attachment wp-att-860\"><img loading=\"lazy\" decoding=\"async\" class=\"alignnone wp-image-860\" src=\"http:\/\/agora.xtec.cat\/esc-musica-parets\/wp-content\/uploads\/usu1283\/2016\/06\/13230358_1744870999059978_6640650855289801841_n.jpg\" alt=\"13230358_1744870999059978_6640650855289801841_n\" width=\"648\" height=\"458\" srcset=\"https:\/\/agora.xtec.cat\/esc-musica-parets\/wp-content\/uploads\/usu1283\/2016\/06\/13230358_1744870999059978_6640650855289801841_n.jpg 960w, https:\/\/agora.xtec.cat\/esc-musica-parets\/wp-content\/uploads\/usu1283\/2016\/06\/13230358_1744870999059978_6640650855289801841_n-300x212.jpg 300w, https:\/\/agora.xtec.cat\/esc-musica-parets\/wp-content\/uploads\/usu1283\/2016\/06\/13230358_1744870999059978_6640650855289801841_n-768x542.jpg 768w\" sizes=\"auto, (max-width: 648px) 100vw, 648px\" \/><\/a><\/p>\n<p><span style=\"color: #000000;\"><a style=\"color: #000000;\" href=\"http:\/\/agora.xtec.cat\/esc-musica-parets\/wp-content\/uploads\/usu1283\/2016\/06\/13230358_1744870999059978_6640650855289801841_n.jpg\" rel=\"attachment wp-att-860\">El dissabte 9 de juliol a les 12h, l&#8217;Escola Municipal de M\u00fasica participar\u00e0 al Festival La Linera, oferint un espectacle adre\u00e7at a la mainada a c\u00e0rrec d&#8217;alumnes i professors i professores del centre. Abans hi haur\u00e0 l&#8217;actuaci\u00f3 dels Diables de Parets i al llarg de tota la jornada actuaran diferents grups i DJ del panorama musical actual. No us ho perdeu!!!<\/a><\/span><\/p>\n","protected":false},"excerpt":{"rendered":"<p><a href=\"http:\/\/agora.xtec.cat\/esc-musica-parets\/wp-content\/uploads\/usu1283\/2016\/06\/13230358_1744870999059978_6640650855289801841_n.jpg\" rel=\"attachment wp-att-860\"><\/a><br \/>\n<a style=\"color: #000000;\" href=\"http:\/\/agora.xtec.cat\/esc-musica-parets\/wp-content\/uploads\/usu1283\/2016\/06\/13230358_1744870999059978_6640650855289801841_n.jpg\" rel=\"attachment wp-att-860\">El dissabte 9 de juliol a les 12h, l&#8217;Escola Municipal de M\u00fasica participar\u00e0 al Festival La Linera, oferint un espectacle adre\u00e7at a la mainada a c\u00e0rrec d&#8217;alumnes i professors i professores del centre. Abans hi haur\u00e0 l&#8217;actuaci\u00f3&hellip;  <a href=\"https:\/\/agora.xtec.cat\/esc-musica-parets\/general\/linera-kids-9-de-juliol-a-les-12h\/\" title=\"Read Linera Kids &#8211; 9 de juliol a les 12h\">Llegeix m\u00e9s\u00bb<\/a><\/p>\n","protected":false},"author":1,"featured_media":860,"comment_status":"open","ping_status":"open","sticky":false,"template":"","format":"standard","meta":{"_bbp_topic_count":0,"_bbp_reply_count":0,"_bbp_total_topic_count":0,"_bbp_total_reply_count":0,"_bbp_voice_count":0,"_bbp_anonymous_reply_count":0,"_bbp_topic_count_hidden":0,"_bbp_reply_count_hidden":0,"_bbp_forum_subforum_count":0,"footnotes":""},"categories":[1,29],"tags":[101],"class_list":["post-859","post","type-post","status-publish","format-standard","has-post-thumbnail","hentry","category-general","category-portada","tag-festival-la-linera"],"post_mailing_queue_ids":[],"_links":{"self":[{"href":"https:\/\/agora.xtec.cat\/esc-musica-parets\/wp-json\/wp\/v2\/posts\/859","targetHints":{"allow":["GET"]}}],"collection":[{"href":"https:\/\/agora.xtec.cat\/esc-musica-parets\/wp-json\/wp\/v2\/posts"}],"about":[{"href":"https:\/\/agora.xtec.cat\/esc-musica-parets\/wp-json\/wp\/v2\/types\/post"}],"author":[{"embeddable":true,"href":"https:\/\/agora.xtec.cat\/esc-musica-parets\/wp-json\/wp\/v2\/users\/1"}],"replies":[{"embeddable":true,"href":"https:\/\/agora.xtec.cat\/esc-musica-parets\/wp-json\/wp\/v2\/comments?post=859"}],"version-history":[{"count":2,"href":"https:\/\/agora.xtec.cat\/esc-musica-parets\/wp-json\/wp\/v2\/posts\/859\/revisions"}],"predecessor-version":[{"id":862,"href":"https:\/\/agora.xtec.cat\/esc-musica-parets\/wp-json\/wp\/v2\/posts\/859\/revisions\/862"}],"wp:featuredmedia":[{"embeddable":true,"href":"https:\/\/agora.xtec.cat\/esc-musica-parets\/wp-json\/wp\/v2\/media\/860"}],"wp:attachment":[{"href":"https:\/\/agora.xtec.cat\/esc-musica-parets\/wp-json\/wp\/v2\/media?parent=859"}],"wp:term":[{"taxonomy":"category","embeddable":true,"href":"https:\/\/agora.xtec.cat\/esc-musica-parets\/wp-json\/wp\/v2\/categories?post=859"},{"taxonomy":"post_tag","embeddable":true,"href":"https:\/\/agora.xtec.cat\/esc-musica-parets\/wp-json\/wp\/v2\/tags?post=859"}],"curies":[{"name":"wp","href":"https:\/\/api.w.org\/{rel}","templated":true}]}}