{"id":845,"date":"2016-06-22T17:15:41","date_gmt":"2016-06-22T16:15:41","guid":{"rendered":"http:\/\/agora.xtec.cat\/esc-musica-parets\/?p=845"},"modified":"2016-07-12T13:35:27","modified_gmt":"2016-07-12T12:35:27","slug":"festa-mundial-de-la-musica","status":"publish","type":"post","link":"https:\/\/agora.xtec.cat\/esc-musica-parets\/general\/festa-mundial-de-la-musica\/","title":{"rendered":"Festa Mundial de la M\u00fasica"},"content":{"rendered":"<p>Dimarts 21 de juny, amb motiu de la Festa Mundial de la M\u00fasica, l&#8217;Escola Municipal de M\u00fasica de Parets s&#8217;ha volgut sumar a la multitud d&#8217;activitats musicals que es duen a terme durant aquest dia a molts pa\u00efsos europeus amb una audici\u00f3 d&#8217;alumnes d&#8217;instrument que ha tancat el curs acad\u00e8mic 2015-16. Amb un total de 45 actuacions que han tingut una durada de dues hores, alumnes, fam\u00edlies i professorat han compartit diferents propostes musicals dels diferents instruments que s&#8217;imparteixen a l&#8217;escola. En nom dde tots els professors i professores del centre, molt bones vacances a tothom!!!<\/p>\n<p><a href=\"http:\/\/agora.xtec.cat\/esc-musica-parets\/wp-content\/uploads\/usu1283\/2016\/06\/DSCN6618.jpg\" rel=\"attachment wp-att-846\"><img loading=\"lazy\" decoding=\"async\" class=\"alignnone wp-image-846\" src=\"http:\/\/agora.xtec.cat\/esc-musica-parets\/wp-content\/uploads\/usu1283\/2016\/06\/DSCN6618-1024x768.jpg\" alt=\"DSCN6618\" width=\"269\" height=\"202\" srcset=\"https:\/\/agora.xtec.cat\/esc-musica-parets\/wp-content\/uploads\/usu1283\/2016\/06\/DSCN6618-1024x768.jpg 1024w, https:\/\/agora.xtec.cat\/esc-musica-parets\/wp-content\/uploads\/usu1283\/2016\/06\/DSCN6618-300x225.jpg 300w, https:\/\/agora.xtec.cat\/esc-musica-parets\/wp-content\/uploads\/usu1283\/2016\/06\/DSCN6618-768x576.jpg 768w, https:\/\/agora.xtec.cat\/esc-musica-parets\/wp-content\/uploads\/usu1283\/2016\/06\/DSCN6618-200x150.jpg 200w, https:\/\/agora.xtec.cat\/esc-musica-parets\/wp-content\/uploads\/usu1283\/2016\/06\/DSCN6618.jpg 1824w\" sizes=\"auto, (max-width: 269px) 100vw, 269px\" \/><\/a><a href=\"http:\/\/agora.xtec.cat\/esc-musica-parets\/wp-content\/uploads\/usu1283\/2016\/06\/DSCN6631.jpg\" rel=\"attachment wp-att-847\"><img loading=\"lazy\" decoding=\"async\" class=\"alignnone wp-image-847\" src=\"http:\/\/agora.xtec.cat\/esc-musica-parets\/wp-content\/uploads\/usu1283\/2016\/06\/DSCN6631-1024x768.jpg\" alt=\"DSCN6631\" width=\"269\" height=\"202\" srcset=\"https:\/\/agora.xtec.cat\/esc-musica-parets\/wp-content\/uploads\/usu1283\/2016\/06\/DSCN6631-1024x768.jpg 1024w, https:\/\/agora.xtec.cat\/esc-musica-parets\/wp-content\/uploads\/usu1283\/2016\/06\/DSCN6631-300x225.jpg 300w, https:\/\/agora.xtec.cat\/esc-musica-parets\/wp-content\/uploads\/usu1283\/2016\/06\/DSCN6631-768x576.jpg 768w, https:\/\/agora.xtec.cat\/esc-musica-parets\/wp-content\/uploads\/usu1283\/2016\/06\/DSCN6631-200x150.jpg 200w, https:\/\/agora.xtec.cat\/esc-musica-parets\/wp-content\/uploads\/usu1283\/2016\/06\/DSCN6631.jpg 1824w\" sizes=\"auto, (max-width: 269px) 100vw, 269px\" \/><\/a><a href=\"http:\/\/agora.xtec.cat\/esc-musica-parets\/wp-content\/uploads\/usu1283\/2016\/06\/DSCN6666.jpg\" rel=\"attachment wp-att-848\"><img loading=\"lazy\" decoding=\"async\" class=\"alignnone wp-image-848\" src=\"http:\/\/agora.xtec.cat\/esc-musica-parets\/wp-content\/uploads\/usu1283\/2016\/06\/DSCN6666-1024x768.jpg\" alt=\"DSCN6666\" width=\"269\" height=\"202\" srcset=\"https:\/\/agora.xtec.cat\/esc-musica-parets\/wp-content\/uploads\/usu1283\/2016\/06\/DSCN6666-1024x768.jpg 1024w, https:\/\/agora.xtec.cat\/esc-musica-parets\/wp-content\/uploads\/usu1283\/2016\/06\/DSCN6666-300x225.jpg 300w, https:\/\/agora.xtec.cat\/esc-musica-parets\/wp-content\/uploads\/usu1283\/2016\/06\/DSCN6666-768x576.jpg 768w, https:\/\/agora.xtec.cat\/esc-musica-parets\/wp-content\/uploads\/usu1283\/2016\/06\/DSCN6666-200x150.jpg 200w, https:\/\/agora.xtec.cat\/esc-musica-parets\/wp-content\/uploads\/usu1283\/2016\/06\/DSCN6666.jpg 1824w\" sizes=\"auto, (max-width: 269px) 100vw, 269px\" \/><\/a><\/p>\n<p><strong><a href=\"https:\/\/plus.google.com\/104938338516081079520\/posts\/JtrRbYvAYZ7\">GALERIA DE FOTOS<\/a><\/strong><\/p>\n","protected":false},"excerpt":{"rendered":"<p>Dimarts 21 de juny, amb motiu de la Festa Mundial de la M\u00fasica, l&#8217;Escola Municipal de M\u00fasica de Parets s&#8217;ha volgut sumar a la multitud d&#8217;activitats musicals que es duen a terme durant aquest dia a molts pa\u00efsos europeus amb una audici\u00f3 d&#8217;alumnes d&#8217;instrument que&hellip;  <a href=\"https:\/\/agora.xtec.cat\/esc-musica-parets\/general\/festa-mundial-de-la-musica\/\" title=\"Read Festa Mundial de la M\u00fasica\">Llegeix m\u00e9s\u00bb<\/a><\/p>\n","protected":false},"author":1,"featured_media":846,"comment_status":"open","ping_status":"open","sticky":false,"template":"","format":"standard","meta":{"_bbp_topic_count":0,"_bbp_reply_count":0,"_bbp_total_topic_count":0,"_bbp_total_reply_count":0,"_bbp_voice_count":0,"_bbp_anonymous_reply_count":0,"_bbp_topic_count_hidden":0,"_bbp_reply_count_hidden":0,"_bbp_forum_subforum_count":0,"footnotes":""},"categories":[1,29],"tags":[100,77],"class_list":["post-845","post","type-post","status-publish","format-standard","has-post-thumbnail","hentry","category-general","category-portada","tag-audicions","tag-noticies"],"post_mailing_queue_ids":[],"_links":{"self":[{"href":"https:\/\/agora.xtec.cat\/esc-musica-parets\/wp-json\/wp\/v2\/posts\/845","targetHints":{"allow":["GET"]}}],"collection":[{"href":"https:\/\/agora.xtec.cat\/esc-musica-parets\/wp-json\/wp\/v2\/posts"}],"about":[{"href":"https:\/\/agora.xtec.cat\/esc-musica-parets\/wp-json\/wp\/v2\/types\/post"}],"author":[{"embeddable":true,"href":"https:\/\/agora.xtec.cat\/esc-musica-parets\/wp-json\/wp\/v2\/users\/1"}],"replies":[{"embeddable":true,"href":"https:\/\/agora.xtec.cat\/esc-musica-parets\/wp-json\/wp\/v2\/comments?post=845"}],"version-history":[{"count":4,"href":"https:\/\/agora.xtec.cat\/esc-musica-parets\/wp-json\/wp\/v2\/posts\/845\/revisions"}],"predecessor-version":[{"id":858,"href":"https:\/\/agora.xtec.cat\/esc-musica-parets\/wp-json\/wp\/v2\/posts\/845\/revisions\/858"}],"wp:featuredmedia":[{"embeddable":true,"href":"https:\/\/agora.xtec.cat\/esc-musica-parets\/wp-json\/wp\/v2\/media\/846"}],"wp:attachment":[{"href":"https:\/\/agora.xtec.cat\/esc-musica-parets\/wp-json\/wp\/v2\/media?parent=845"}],"wp:term":[{"taxonomy":"category","embeddable":true,"href":"https:\/\/agora.xtec.cat\/esc-musica-parets\/wp-json\/wp\/v2\/categories?post=845"},{"taxonomy":"post_tag","embeddable":true,"href":"https:\/\/agora.xtec.cat\/esc-musica-parets\/wp-json\/wp\/v2\/tags?post=845"}],"curies":[{"name":"wp","href":"https:\/\/api.w.org\/{rel}","templated":true}]}}