{"id":511,"date":"2016-03-16T20:07:02","date_gmt":"2016-03-16T19:07:02","guid":{"rendered":"http:\/\/agora.xtec.cat\/esc-musica-parets\/general\/audicio-dalumnes-dinstrument\/"},"modified":"2016-07-12T13:35:57","modified_gmt":"2016-07-12T12:35:57","slug":"audicio-dalumnes-dinstrument","status":"publish","type":"post","link":"https:\/\/agora.xtec.cat\/esc-musica-parets\/general\/audicio-dalumnes-dinstrument\/","title":{"rendered":"Audici\u00f3 d&#8217;alumnes d&#8217;instrument"},"content":{"rendered":"<p><span style=\"font-size: 12pt;\">El dijous 17 de mar\u00e7 a les 20h tindr\u00e0 lloc una audici\u00f3 a c\u00e0rrec dels alumnes d&#8217;instrument de totes les especialitats instrumentals de l&#8217;escola amb motiu del final del segon trimestre del curs. En aquesta ocasi\u00f3 no participaran les orquestres, conjunts ni corals, ja que ser\u00e0 una sessi\u00f3 en la que els alumnes podran demostrar les seves habilitats amb l&#8217;instrument de manera solista. La sessi\u00f3 es far\u00e0 a l&#8217;auditori del centre.<\/span><\/p>\n","protected":false},"excerpt":{"rendered":"<p>El dijous 17 de mar\u00e7 a les 20h tindr\u00e0 lloc una audici\u00f3 a c\u00e0rrec dels alumnes d&#8217;instrument de totes les especialitats instrumentals de l&#8217;escola amb motiu del final del segon trimestre del curs. En aquesta ocasi\u00f3 no participaran les orquestres, conjunts ni corals, ja que&hellip;  <a href=\"https:\/\/agora.xtec.cat\/esc-musica-parets\/general\/audicio-dalumnes-dinstrument\/\" title=\"Read Audici\u00f3 d&#8217;alumnes d&#8217;instrument\">Llegeix m\u00e9s\u00bb<\/a><\/p>\n","protected":false},"author":1,"featured_media":0,"comment_status":"open","ping_status":"open","sticky":false,"template":"","format":"standard","meta":{"_bbp_topic_count":0,"_bbp_reply_count":0,"_bbp_total_topic_count":0,"_bbp_total_reply_count":0,"_bbp_voice_count":0,"_bbp_anonymous_reply_count":0,"_bbp_topic_count_hidden":0,"_bbp_reply_count_hidden":0,"_bbp_forum_subforum_count":0,"footnotes":""},"categories":[1,29],"tags":[100,77],"class_list":["post-511","post","type-post","status-publish","format-standard","hentry","category-general","category-portada","tag-audicions","tag-noticies"],"post_mailing_queue_ids":[],"_links":{"self":[{"href":"https:\/\/agora.xtec.cat\/esc-musica-parets\/wp-json\/wp\/v2\/posts\/511","targetHints":{"allow":["GET"]}}],"collection":[{"href":"https:\/\/agora.xtec.cat\/esc-musica-parets\/wp-json\/wp\/v2\/posts"}],"about":[{"href":"https:\/\/agora.xtec.cat\/esc-musica-parets\/wp-json\/wp\/v2\/types\/post"}],"author":[{"embeddable":true,"href":"https:\/\/agora.xtec.cat\/esc-musica-parets\/wp-json\/wp\/v2\/users\/1"}],"replies":[{"embeddable":true,"href":"https:\/\/agora.xtec.cat\/esc-musica-parets\/wp-json\/wp\/v2\/comments?post=511"}],"version-history":[{"count":3,"href":"https:\/\/agora.xtec.cat\/esc-musica-parets\/wp-json\/wp\/v2\/posts\/511\/revisions"}],"predecessor-version":[{"id":1072,"href":"https:\/\/agora.xtec.cat\/esc-musica-parets\/wp-json\/wp\/v2\/posts\/511\/revisions\/1072"}],"wp:attachment":[{"href":"https:\/\/agora.xtec.cat\/esc-musica-parets\/wp-json\/wp\/v2\/media?parent=511"}],"wp:term":[{"taxonomy":"category","embeddable":true,"href":"https:\/\/agora.xtec.cat\/esc-musica-parets\/wp-json\/wp\/v2\/categories?post=511"},{"taxonomy":"post_tag","embeddable":true,"href":"https:\/\/agora.xtec.cat\/esc-musica-parets\/wp-json\/wp\/v2\/tags?post=511"}],"curies":[{"name":"wp","href":"https:\/\/api.w.org\/{rel}","templated":true}]}}