{"id":500,"date":"2015-12-18T12:13:29","date_gmt":"2015-12-18T11:13:29","guid":{"rendered":"http:\/\/agora.xtec.cat\/esc-musica-parets\/general\/sestrena-la-nadala-de-parets\/"},"modified":"2016-07-11T13:59:43","modified_gmt":"2016-07-11T12:59:43","slug":"sestrena-la-nadala-de-parets","status":"publish","type":"post","link":"https:\/\/agora.xtec.cat\/esc-musica-parets\/general\/sestrena-la-nadala-de-parets\/","title":{"rendered":"S&#8217;estrena la Nadala de Parets"},"content":{"rendered":"<p><img loading=\"lazy\" decoding=\"async\" src=\"http:\/\/agora.xtec.cat\/esc-musica-parets\/wp-content\/uploads\/usu1283\/2016\/07\/Notica_contrapunt.jpg\" alt=\"\" width=\"300\" height=\"300\" \/><span style=\"font-size: 10pt;\">Dimarts 22 de desembre, al concert de Nadal que far\u00e0 l&#8217;Escola Municipal de M\u00fasica al teatre Can Rajoler, s&#8217;estrenar\u00e0 la nadala de Parets, una obra amb m\u00fasica original composta per Jordi Azagra i lletra de Montse Navarro i Jordi Azagra.<\/span><\/p>\n<p><span style=\"font-size: 12pt;\">A partir del 23 de desembre, aquesta nadala acompanyar\u00e0 l&#8217;anunci que emetr\u00e0 Vall\u00e8s Visi\u00f3 durant les festes nadalenques en forma de felicitaci\u00f3 del consistori paret\u00e0. Per enregistrar aquesta pe\u00e7a musical, Jordi Azagra ha comptat amb la col\u00b7laboraci\u00f3 de les veus de Corina Mirea i la coral d&#8217;adults de l&#8217;escola. A totes i tots, moltes gr\u00e0cies!!!<\/span><\/p>\n","protected":false},"excerpt":{"rendered":"<p>Dimarts 22 de desembre, al concert de Nadal que far\u00e0 l&#8217;Escola Municipal de M\u00fasica al teatre Can Rajoler, s&#8217;estrenar\u00e0 la nadala de Parets, una obra amb m\u00fasica original composta per Jordi Azagra i lletra de Montse Navarro i Jordi Azagra.<br \/>\nA partir del 23 de desembre,&hellip;  <a href=\"https:\/\/agora.xtec.cat\/esc-musica-parets\/general\/sestrena-la-nadala-de-parets\/\" title=\"Read S&#8217;estrena la Nadala de Parets\">Llegeix m\u00e9s\u00bb<\/a><\/p>\n","protected":false},"author":1,"featured_media":0,"comment_status":"open","ping_status":"open","sticky":false,"template":"","format":"standard","meta":{"_bbp_topic_count":0,"_bbp_reply_count":0,"_bbp_total_topic_count":0,"_bbp_total_reply_count":0,"_bbp_voice_count":0,"_bbp_anonymous_reply_count":0,"_bbp_topic_count_hidden":0,"_bbp_reply_count_hidden":0,"_bbp_forum_subforum_count":0,"footnotes":""},"categories":[1,29],"tags":[77],"class_list":["post-500","post","type-post","status-publish","format-standard","hentry","category-general","category-portada","tag-noticies"],"post_mailing_queue_ids":[],"_links":{"self":[{"href":"https:\/\/agora.xtec.cat\/esc-musica-parets\/wp-json\/wp\/v2\/posts\/500","targetHints":{"allow":["GET"]}}],"collection":[{"href":"https:\/\/agora.xtec.cat\/esc-musica-parets\/wp-json\/wp\/v2\/posts"}],"about":[{"href":"https:\/\/agora.xtec.cat\/esc-musica-parets\/wp-json\/wp\/v2\/types\/post"}],"author":[{"embeddable":true,"href":"https:\/\/agora.xtec.cat\/esc-musica-parets\/wp-json\/wp\/v2\/users\/1"}],"replies":[{"embeddable":true,"href":"https:\/\/agora.xtec.cat\/esc-musica-parets\/wp-json\/wp\/v2\/comments?post=500"}],"version-history":[{"count":3,"href":"https:\/\/agora.xtec.cat\/esc-musica-parets\/wp-json\/wp\/v2\/posts\/500\/revisions"}],"predecessor-version":[{"id":1053,"href":"https:\/\/agora.xtec.cat\/esc-musica-parets\/wp-json\/wp\/v2\/posts\/500\/revisions\/1053"}],"wp:attachment":[{"href":"https:\/\/agora.xtec.cat\/esc-musica-parets\/wp-json\/wp\/v2\/media?parent=500"}],"wp:term":[{"taxonomy":"category","embeddable":true,"href":"https:\/\/agora.xtec.cat\/esc-musica-parets\/wp-json\/wp\/v2\/categories?post=500"},{"taxonomy":"post_tag","embeddable":true,"href":"https:\/\/agora.xtec.cat\/esc-musica-parets\/wp-json\/wp\/v2\/tags?post=500"}],"curies":[{"name":"wp","href":"https:\/\/api.w.org\/{rel}","templated":true}]}}