{"id":496,"date":"2015-11-23T12:46:26","date_gmt":"2015-11-23T11:46:26","guid":{"rendered":"http:\/\/agora.xtec.cat\/esc-musica-parets\/general\/visions-les-escoles-municipals-de-musica\/"},"modified":"2016-07-11T14:16:10","modified_gmt":"2016-07-11T13:16:10","slug":"visions-les-escoles-municipals-de-musica","status":"publish","type":"post","link":"https:\/\/agora.xtec.cat\/esc-musica-parets\/general\/visions-les-escoles-municipals-de-musica\/","title":{"rendered":"&#8216;Les escoles municipals de m\u00fasica&#8217; al programa Visions de Vall\u00e8s Visi\u00f3 TV"},"content":{"rendered":"<p><iframe loading=\"lazy\" id=\"iframe_chapter\" src=\"http:\/\/vallesvisio.xiptv.cat\/embed\/222839?iframe_width=642&amp;iframe_height=395&amp;height=349&amp;width=620\" name=\"iframe_chapter\" width=\"642\" height=\"349\" frameborder=\"0\" scrolling=\"no\"><\/iframe><\/p>\n<p>Dijous 12 de novembre es va emetre una nova edici\u00f3 del programa &#8220;Visions&#8221; de Vall\u00e8s Visi\u00f3 TV, en el que s&#8217;analitzava la situaci\u00f3 actual de les escoles municipals de m\u00fasica arran de la noticia de la recuperaci\u00f3 de les subvencions que atorga el Departament d&#8217;Ensenyament de la Generalitat de Catalunya als municipis amb centres de formaci\u00f3 art\u00edstica despr\u00e9s de les retallades continuades des de l&#8217;any 2008 fins a la total extinci\u00f3 ara fa dos cursos. Al programa van participar, com a representants de centres d&#8217;ensenyament musical, Jordi Soler, director de l&#8217;escola municipal de m\u00fasica de Montorn\u00e9s del Vall\u00e8s, Xavier Esteve, director de l&#8217;escola municipal de m\u00fasica de Mollet del Vall\u00e8s i Jordi Azagra, director de l&#8217;escola municipal de m\u00fasica de Parets del Vall\u00e8s.<\/p>\n","protected":false},"excerpt":{"rendered":"<p>Dijous 12 de novembre es va emetre una nova edici\u00f3 del programa &#8220;Visions&#8221; de Vall\u00e8s Visi\u00f3 TV, en el que s&#8217;analitzava la situaci\u00f3 actual de les escoles municipals de m\u00fasica arran de la noticia de la recuperaci\u00f3 de les subvencions que atorga el Departament d&#8217;Ensenyament&hellip;  <a href=\"https:\/\/agora.xtec.cat\/esc-musica-parets\/general\/visions-les-escoles-municipals-de-musica\/\" title=\"Read &#8216;Les escoles municipals de m\u00fasica&#8217; al programa Visions de Vall\u00e8s Visi\u00f3 TV\">Llegeix m\u00e9s\u00bb<\/a><\/p>\n","protected":false},"author":2,"featured_media":1017,"comment_status":"open","ping_status":"open","sticky":false,"template":"","format":"standard","meta":{"_bbp_topic_count":0,"_bbp_reply_count":0,"_bbp_total_topic_count":0,"_bbp_total_reply_count":0,"_bbp_voice_count":0,"_bbp_anonymous_reply_count":0,"_bbp_topic_count_hidden":0,"_bbp_reply_count_hidden":0,"_bbp_forum_subforum_count":0,"footnotes":""},"categories":[1,29],"tags":[77,136],"class_list":["post-496","post","type-post","status-publish","format-standard","has-post-thumbnail","hentry","category-general","category-portada","tag-noticies","tag-valles-visio"],"post_mailing_queue_ids":[],"_links":{"self":[{"href":"https:\/\/agora.xtec.cat\/esc-musica-parets\/wp-json\/wp\/v2\/posts\/496","targetHints":{"allow":["GET"]}}],"collection":[{"href":"https:\/\/agora.xtec.cat\/esc-musica-parets\/wp-json\/wp\/v2\/posts"}],"about":[{"href":"https:\/\/agora.xtec.cat\/esc-musica-parets\/wp-json\/wp\/v2\/types\/post"}],"author":[{"embeddable":true,"href":"https:\/\/agora.xtec.cat\/esc-musica-parets\/wp-json\/wp\/v2\/users\/2"}],"replies":[{"embeddable":true,"href":"https:\/\/agora.xtec.cat\/esc-musica-parets\/wp-json\/wp\/v2\/comments?post=496"}],"version-history":[{"count":2,"href":"https:\/\/agora.xtec.cat\/esc-musica-parets\/wp-json\/wp\/v2\/posts\/496\/revisions"}],"predecessor-version":[{"id":1061,"href":"https:\/\/agora.xtec.cat\/esc-musica-parets\/wp-json\/wp\/v2\/posts\/496\/revisions\/1061"}],"wp:featuredmedia":[{"embeddable":true,"href":"https:\/\/agora.xtec.cat\/esc-musica-parets\/wp-json\/wp\/v2\/media\/1017"}],"wp:attachment":[{"href":"https:\/\/agora.xtec.cat\/esc-musica-parets\/wp-json\/wp\/v2\/media?parent=496"}],"wp:term":[{"taxonomy":"category","embeddable":true,"href":"https:\/\/agora.xtec.cat\/esc-musica-parets\/wp-json\/wp\/v2\/categories?post=496"},{"taxonomy":"post_tag","embeddable":true,"href":"https:\/\/agora.xtec.cat\/esc-musica-parets\/wp-json\/wp\/v2\/tags?post=496"}],"curies":[{"name":"wp","href":"https:\/\/api.w.org\/{rel}","templated":true}]}}