{"id":494,"date":"2015-11-06T18:53:21","date_gmt":"2015-11-06T17:53:21","guid":{"rendered":"http:\/\/agora.xtec.cat\/esc-musica-parets\/general\/professors-de-lescola-de-musica-a-lacte-de-tots-sants\/"},"modified":"2016-07-11T14:17:57","modified_gmt":"2016-07-11T13:17:57","slug":"professors-de-lescola-de-musica-a-lacte-de-tots-sants","status":"publish","type":"post","link":"https:\/\/agora.xtec.cat\/esc-musica-parets\/general\/professors-de-lescola-de-musica-a-lacte-de-tots-sants\/","title":{"rendered":"Professors de l&#8217;Escola Municipal de M\u00fasica a l&#8217;acte de Tots Sants"},"content":{"rendered":"<p>Diumenge 1 de novembre a les 12 del migdia i amb motiu del dia de Tots Sants, es va celebrar al cementiri de Parets del Vall\u00e8s un acte institucional en record dels difunts, en el que es va fer la descoberta de la placa del poema &#8220;Vivo sin vivir en mi&#8221; de Santa Teresa de Jes\u00fas, a m\u00e9s d&#8217;un recital de poemes a c\u00e0rrec del Niu d&#8217;Art Po\u00e8tic. Per cloure l&#8217;acte, es va fer un concert a c\u00e0rrec dels guitarristes Yago Pajar\u00f3n i Alejandro P\u00e9rez Gracia, professors de l&#8217;Escola Municipal de M\u00fasica de Parets, qui van oferir un recital en forma de duet amb peces cl\u00e0ssiques i populars.<\/p>\n<p><a href=\"http:\/\/agora.xtec.cat\/esc-musica-parets\/wp-content\/uploads\/usu1283\/2016\/07\/Tots_Sants_38b.jpg\"><img loading=\"lazy\" decoding=\"async\" class=\"alignnone size-large wp-image-1015\" src=\"http:\/\/agora.xtec.cat\/esc-musica-parets\/wp-content\/uploads\/usu1283\/2016\/07\/Tots_Sants_38b-1024x807.jpg\" alt=\"Tots_Sants_(38b)\" width=\"1024\" height=\"807\" srcset=\"https:\/\/agora.xtec.cat\/esc-musica-parets\/wp-content\/uploads\/usu1283\/2016\/07\/Tots_Sants_38b-1024x807.jpg 1024w, https:\/\/agora.xtec.cat\/esc-musica-parets\/wp-content\/uploads\/usu1283\/2016\/07\/Tots_Sants_38b-300x237.jpg 300w, https:\/\/agora.xtec.cat\/esc-musica-parets\/wp-content\/uploads\/usu1283\/2016\/07\/Tots_Sants_38b-768x605.jpg 768w, https:\/\/agora.xtec.cat\/esc-musica-parets\/wp-content\/uploads\/usu1283\/2016\/07\/Tots_Sants_38b.jpg 1200w\" sizes=\"auto, (max-width: 1024px) 100vw, 1024px\" \/><\/a><\/p>\n","protected":false},"excerpt":{"rendered":"<p>Diumenge 1 de novembre a les 12 del migdia i amb motiu del dia de Tots Sants, es va celebrar al cementiri de Parets del Vall\u00e8s un acte institucional en record dels difunts, en el que es va fer la descoberta de la placa del&hellip;  <a href=\"https:\/\/agora.xtec.cat\/esc-musica-parets\/general\/professors-de-lescola-de-musica-a-lacte-de-tots-sants\/\" title=\"Read Professors de l&#8217;Escola Municipal de M\u00fasica a l&#8217;acte de Tots Sants\">Llegeix m\u00e9s\u00bb<\/a><\/p>\n","protected":false},"author":1,"featured_media":1015,"comment_status":"open","ping_status":"open","sticky":false,"template":"","format":"standard","meta":{"_bbp_topic_count":0,"_bbp_reply_count":0,"_bbp_total_topic_count":0,"_bbp_total_reply_count":0,"_bbp_voice_count":0,"_bbp_anonymous_reply_count":0,"_bbp_topic_count_hidden":0,"_bbp_reply_count_hidden":0,"_bbp_forum_subforum_count":0,"footnotes":""},"categories":[1,29],"tags":[77],"class_list":["post-494","post","type-post","status-publish","format-standard","has-post-thumbnail","hentry","category-general","category-portada","tag-noticies"],"post_mailing_queue_ids":[],"_links":{"self":[{"href":"https:\/\/agora.xtec.cat\/esc-musica-parets\/wp-json\/wp\/v2\/posts\/494","targetHints":{"allow":["GET"]}}],"collection":[{"href":"https:\/\/agora.xtec.cat\/esc-musica-parets\/wp-json\/wp\/v2\/posts"}],"about":[{"href":"https:\/\/agora.xtec.cat\/esc-musica-parets\/wp-json\/wp\/v2\/types\/post"}],"author":[{"embeddable":true,"href":"https:\/\/agora.xtec.cat\/esc-musica-parets\/wp-json\/wp\/v2\/users\/1"}],"replies":[{"embeddable":true,"href":"https:\/\/agora.xtec.cat\/esc-musica-parets\/wp-json\/wp\/v2\/comments?post=494"}],"version-history":[{"count":3,"href":"https:\/\/agora.xtec.cat\/esc-musica-parets\/wp-json\/wp\/v2\/posts\/494\/revisions"}],"predecessor-version":[{"id":1062,"href":"https:\/\/agora.xtec.cat\/esc-musica-parets\/wp-json\/wp\/v2\/posts\/494\/revisions\/1062"}],"wp:featuredmedia":[{"embeddable":true,"href":"https:\/\/agora.xtec.cat\/esc-musica-parets\/wp-json\/wp\/v2\/media\/1015"}],"wp:attachment":[{"href":"https:\/\/agora.xtec.cat\/esc-musica-parets\/wp-json\/wp\/v2\/media?parent=494"}],"wp:term":[{"taxonomy":"category","embeddable":true,"href":"https:\/\/agora.xtec.cat\/esc-musica-parets\/wp-json\/wp\/v2\/categories?post=494"},{"taxonomy":"post_tag","embeddable":true,"href":"https:\/\/agora.xtec.cat\/esc-musica-parets\/wp-json\/wp\/v2\/tags?post=494"}],"curies":[{"name":"wp","href":"https:\/\/api.w.org\/{rel}","templated":true}]}}