{"id":491,"date":"2015-09-23T19:43:17","date_gmt":"2015-09-23T18:43:17","guid":{"rendered":"http:\/\/agora.xtec.cat\/esc-musica-parets\/general\/curs-destimilacio-musical-per-a-nadons\/"},"modified":"2016-07-11T14:26:13","modified_gmt":"2016-07-11T13:26:13","slug":"curs-destimilacio-musical-per-a-nadons","status":"publish","type":"post","link":"https:\/\/agora.xtec.cat\/esc-musica-parets\/general\/curs-destimilacio-musical-per-a-nadons\/","title":{"rendered":"Curs d&#8217;Estimulaci\u00f3 Musical per a Nadons"},"content":{"rendered":"<p><img loading=\"lazy\" decoding=\"async\" class=\"\" src=\"http:\/\/agora.xtec.cat\/esc-musica-parets\/wp-content\/uploads\/usu1283\/2016\/07\/2015_Cartell_estimul_musical_nadons.jpg\" alt=\"\" width=\"441\" height=\"636\" \/><\/p>\n<p><span style=\"font-size: 10pt;\">Aquest curs, l&#8217;Escola Municipal de M\u00fasica engega una nova oferta educativa adre\u00e7at als m\u00e9s menuts. Es tracta del curs &#8220;Estimulaci\u00f3 Musical per a Nadons&#8221; a c\u00e0rrec d&#8217;Aina Casal, professora de flauta travessera de l&#8217;escola i formada en aquesta especialitat. El curs s&#8217;ofereix en dos grups, de 2 a 11 mesos i de 12 a 24 mesos. Les classes seran setmanals i amb una durada de 45 minuts. Per a cada nad\u00f3 podran assistir fins a dos adults. Per a m\u00e9s im\u00a1nformaci\u00f3 i inscripcions, podeu adre\u00e7ar-vos a l&#8217;escola municipal de m\u00fasica en horari de tarda.<\/span><\/p>\n","protected":false},"excerpt":{"rendered":"<p>Aquest curs, l&#8217;Escola Municipal de M\u00fasica engega una nova oferta educativa adre\u00e7at als m\u00e9s menuts. Es tracta del curs &#8220;Estimulaci\u00f3 Musical per a Nadons&#8221; a c\u00e0rrec d&#8217;Aina Casal, professora de flauta travessera de l&#8217;escola i formada en aquesta especialitat. El curs s&#8217;ofereix en dos grups,&hellip;  <a href=\"https:\/\/agora.xtec.cat\/esc-musica-parets\/general\/curs-destimilacio-musical-per-a-nadons\/\" title=\"Read Curs d&#8217;Estimulaci\u00f3 Musical per a Nadons\">Llegeix m\u00e9s\u00bb<\/a><\/p>\n","protected":false},"author":1,"featured_media":0,"comment_status":"open","ping_status":"open","sticky":false,"template":"","format":"standard","meta":{"_bbp_topic_count":0,"_bbp_reply_count":0,"_bbp_total_topic_count":0,"_bbp_total_reply_count":0,"_bbp_voice_count":0,"_bbp_anonymous_reply_count":0,"_bbp_topic_count_hidden":0,"_bbp_reply_count_hidden":0,"_bbp_forum_subforum_count":0,"footnotes":""},"categories":[1,29],"tags":[77],"class_list":["post-491","post","type-post","status-publish","format-standard","hentry","category-general","category-portada","tag-noticies"],"post_mailing_queue_ids":[],"_links":{"self":[{"href":"https:\/\/agora.xtec.cat\/esc-musica-parets\/wp-json\/wp\/v2\/posts\/491","targetHints":{"allow":["GET"]}}],"collection":[{"href":"https:\/\/agora.xtec.cat\/esc-musica-parets\/wp-json\/wp\/v2\/posts"}],"about":[{"href":"https:\/\/agora.xtec.cat\/esc-musica-parets\/wp-json\/wp\/v2\/types\/post"}],"author":[{"embeddable":true,"href":"https:\/\/agora.xtec.cat\/esc-musica-parets\/wp-json\/wp\/v2\/users\/1"}],"replies":[{"embeddable":true,"href":"https:\/\/agora.xtec.cat\/esc-musica-parets\/wp-json\/wp\/v2\/comments?post=491"}],"version-history":[{"count":4,"href":"https:\/\/agora.xtec.cat\/esc-musica-parets\/wp-json\/wp\/v2\/posts\/491\/revisions"}],"predecessor-version":[{"id":1067,"href":"https:\/\/agora.xtec.cat\/esc-musica-parets\/wp-json\/wp\/v2\/posts\/491\/revisions\/1067"}],"wp:attachment":[{"href":"https:\/\/agora.xtec.cat\/esc-musica-parets\/wp-json\/wp\/v2\/media?parent=491"}],"wp:term":[{"taxonomy":"category","embeddable":true,"href":"https:\/\/agora.xtec.cat\/esc-musica-parets\/wp-json\/wp\/v2\/categories?post=491"},{"taxonomy":"post_tag","embeddable":true,"href":"https:\/\/agora.xtec.cat\/esc-musica-parets\/wp-json\/wp\/v2\/tags?post=491"}],"curies":[{"name":"wp","href":"https:\/\/api.w.org\/{rel}","templated":true}]}}