{"id":488,"date":"2015-06-20T15:30:06","date_gmt":"2015-06-20T14:30:06","guid":{"rendered":"http:\/\/agora.xtec.cat\/esc-musica-parets\/general\/lescola-municipal-de-musica-al-facebook\/"},"modified":"2016-07-11T14:23:47","modified_gmt":"2016-07-11T13:23:47","slug":"lescola-municipal-de-musica-al-facebook","status":"publish","type":"post","link":"https:\/\/agora.xtec.cat\/esc-musica-parets\/general\/lescola-municipal-de-musica-al-facebook\/","title":{"rendered":"L&#8217;Escola Municipal de M\u00fasica al Facebook"},"content":{"rendered":"<p><span style=\"font-size: 12pt;\">Amb la recent apertura de la p\u00e0gina en Facebook de l&#8217;Escola Municipal de M\u00fasica de Parets del Vall\u00e8s (<a href=\"https:\/\/www.facebook.com\/escolamusicaparets\">https:\/\/www.facebook.com\/escolamusicaparets<\/a>), podreu seguir els esdeveniments, aix\u00ed com fotografies i v\u00eddeos de les actuacions que fem al llarg del curs. Esperant que sigui una eina \u00fatil a l&#8217;hora que din\u00e0mica, aprofitem per desitjar-vos un bon estiu. Carregueu les piles que al setembre tornem!!!!<\/span><\/p>\n","protected":false},"excerpt":{"rendered":"<p>Amb la recent apertura de la p\u00e0gina en Facebook de l&#8217;Escola Municipal de M\u00fasica de Parets del Vall\u00e8s (<a href=\"https:\/\/www.facebook.com\/escolamusicaparets\">https:\/\/www.facebook.com\/escolamusicaparets<\/a>), podreu seguir els esdeveniments, aix\u00ed com fotografies i v\u00eddeos de les actuacions que fem al llarg del curs. Esperant que sigui una eina \u00fatil a&hellip;  <a href=\"https:\/\/agora.xtec.cat\/esc-musica-parets\/general\/lescola-municipal-de-musica-al-facebook\/\" title=\"Read L&#8217;Escola Municipal de M\u00fasica al Facebook\">Llegeix m\u00e9s\u00bb<\/a><\/p>\n","protected":false},"author":1,"featured_media":700,"comment_status":"open","ping_status":"open","sticky":false,"template":"","format":"standard","meta":{"_bbp_topic_count":0,"_bbp_reply_count":0,"_bbp_total_topic_count":0,"_bbp_total_reply_count":0,"_bbp_voice_count":0,"_bbp_anonymous_reply_count":0,"_bbp_topic_count_hidden":0,"_bbp_reply_count_hidden":0,"_bbp_forum_subforum_count":0,"footnotes":""},"categories":[1,29],"tags":[77],"class_list":["post-488","post","type-post","status-publish","format-standard","has-post-thumbnail","hentry","category-general","category-portada","tag-noticies"],"post_mailing_queue_ids":[],"_links":{"self":[{"href":"https:\/\/agora.xtec.cat\/esc-musica-parets\/wp-json\/wp\/v2\/posts\/488","targetHints":{"allow":["GET"]}}],"collection":[{"href":"https:\/\/agora.xtec.cat\/esc-musica-parets\/wp-json\/wp\/v2\/posts"}],"about":[{"href":"https:\/\/agora.xtec.cat\/esc-musica-parets\/wp-json\/wp\/v2\/types\/post"}],"author":[{"embeddable":true,"href":"https:\/\/agora.xtec.cat\/esc-musica-parets\/wp-json\/wp\/v2\/users\/1"}],"replies":[{"embeddable":true,"href":"https:\/\/agora.xtec.cat\/esc-musica-parets\/wp-json\/wp\/v2\/comments?post=488"}],"version-history":[{"count":3,"href":"https:\/\/agora.xtec.cat\/esc-musica-parets\/wp-json\/wp\/v2\/posts\/488\/revisions"}],"predecessor-version":[{"id":1065,"href":"https:\/\/agora.xtec.cat\/esc-musica-parets\/wp-json\/wp\/v2\/posts\/488\/revisions\/1065"}],"wp:featuredmedia":[{"embeddable":true,"href":"https:\/\/agora.xtec.cat\/esc-musica-parets\/wp-json\/wp\/v2\/media\/700"}],"wp:attachment":[{"href":"https:\/\/agora.xtec.cat\/esc-musica-parets\/wp-json\/wp\/v2\/media?parent=488"}],"wp:term":[{"taxonomy":"category","embeddable":true,"href":"https:\/\/agora.xtec.cat\/esc-musica-parets\/wp-json\/wp\/v2\/categories?post=488"},{"taxonomy":"post_tag","embeddable":true,"href":"https:\/\/agora.xtec.cat\/esc-musica-parets\/wp-json\/wp\/v2\/tags?post=488"}],"curies":[{"name":"wp","href":"https:\/\/api.w.org\/{rel}","templated":true}]}}