{"id":485,"date":"2015-05-25T11:08:23","date_gmt":"2015-05-25T10:08:23","guid":{"rendered":"http:\/\/agora.xtec.cat\/esc-musica-parets\/general\/bon-balanc-de-participacio-a-la-16a-setmana-cultural\/"},"modified":"2016-07-11T14:28:45","modified_gmt":"2016-07-11T13:28:45","slug":"bon-balanc-de-participacio-a-la-16a-setmana-cultural","status":"publish","type":"post","link":"https:\/\/agora.xtec.cat\/esc-musica-parets\/general\/bon-balanc-de-participacio-a-la-16a-setmana-cultural\/","title":{"rendered":"Balan\u00e7 positiu de la 16a SETMANA CULTURAL"},"content":{"rendered":"<p><span style=\"font-size: 12pt;\">Malgrat les inclem\u00e8ncies del temps, la 16a SETMANA CULTURAL de l&#8217;escola municipal de m\u00fasica ha estat un any m\u00e9s una proposta de gaudi i participaci\u00f3 per alumnes, professors\/es i fam\u00edlies per compartir estones musicals plegats. Tot i que la botifarrada es va haver d&#8217;ajornar a causa del mal temps, la resta d&#8217;activitats es van poder dur a terme. El taller de danses tradicionals, previst de fer-ho al parc, es va haver de fer a l&#8217;interior de l&#8217;auditori. Tot i els problemes d&#8217;espai, es va poder fer amb participaci\u00f3\u00a0 d&#8217;alumnes i algunes mares que es van animar a ballar. Les activitats de dijous van poder-se fer sense problemes a l&#8217;exterior. El concert &#8220;Un orgue de gats&#8221; a c\u00e0rrec dels alumnes d&#8217;iniciaci\u00f3 amb acompanyament musical de professors del centre, va ser tot un \u00e8xit, tant per l&#8217;actuaci\u00f3 dels petits com per l&#8217;assist\u00e8ncia de p\u00fablic. La resta d&#8217;activitats van comptar amb una bona participaci\u00f3 i va tancar la jornada el concert de rock &#8220;Te&#8217;n recordes del vinils?&#8221; a c\u00e0rrec de professors\/es de l&#8217;escola de m\u00fasica. Un any m\u00e9s, alumnes, fam\u00edlies i professors\/es heu estat claus per a l&#8217;\u00e8xit d&#8217;aquesta setmana cultural. A tots i a totes, MOLTES GR\u00c0CIES!!!<\/span><\/p>\n","protected":false},"excerpt":{"rendered":"<p>Malgrat les inclem\u00e8ncies del temps, la 16a SETMANA CULTURAL de l&#8217;escola municipal de m\u00fasica ha estat un any m\u00e9s una proposta de gaudi i participaci\u00f3 per alumnes, professors\/es i fam\u00edlies per compartir estones musicals plegats. Tot i que la botifarrada es va haver d&#8217;ajornar a&hellip;  <a href=\"https:\/\/agora.xtec.cat\/esc-musica-parets\/general\/bon-balanc-de-participacio-a-la-16a-setmana-cultural\/\" title=\"Read Balan\u00e7 positiu de la 16a SETMANA CULTURAL\">Llegeix m\u00e9s\u00bb<\/a><\/p>\n","protected":false},"author":1,"featured_media":1002,"comment_status":"open","ping_status":"open","sticky":false,"template":"","format":"standard","meta":{"_bbp_topic_count":0,"_bbp_reply_count":0,"_bbp_total_topic_count":0,"_bbp_total_reply_count":0,"_bbp_voice_count":0,"_bbp_anonymous_reply_count":0,"_bbp_topic_count_hidden":0,"_bbp_reply_count_hidden":0,"_bbp_forum_subforum_count":0,"footnotes":""},"categories":[1,29],"tags":[77,82],"class_list":["post-485","post","type-post","status-publish","format-standard","has-post-thumbnail","hentry","category-general","category-portada","tag-noticies","tag-set_cult"],"post_mailing_queue_ids":[],"_links":{"self":[{"href":"https:\/\/agora.xtec.cat\/esc-musica-parets\/wp-json\/wp\/v2\/posts\/485","targetHints":{"allow":["GET"]}}],"collection":[{"href":"https:\/\/agora.xtec.cat\/esc-musica-parets\/wp-json\/wp\/v2\/posts"}],"about":[{"href":"https:\/\/agora.xtec.cat\/esc-musica-parets\/wp-json\/wp\/v2\/types\/post"}],"author":[{"embeddable":true,"href":"https:\/\/agora.xtec.cat\/esc-musica-parets\/wp-json\/wp\/v2\/users\/1"}],"replies":[{"embeddable":true,"href":"https:\/\/agora.xtec.cat\/esc-musica-parets\/wp-json\/wp\/v2\/comments?post=485"}],"version-history":[{"count":3,"href":"https:\/\/agora.xtec.cat\/esc-musica-parets\/wp-json\/wp\/v2\/posts\/485\/revisions"}],"predecessor-version":[{"id":1069,"href":"https:\/\/agora.xtec.cat\/esc-musica-parets\/wp-json\/wp\/v2\/posts\/485\/revisions\/1069"}],"wp:featuredmedia":[{"embeddable":true,"href":"https:\/\/agora.xtec.cat\/esc-musica-parets\/wp-json\/wp\/v2\/media\/1002"}],"wp:attachment":[{"href":"https:\/\/agora.xtec.cat\/esc-musica-parets\/wp-json\/wp\/v2\/media?parent=485"}],"wp:term":[{"taxonomy":"category","embeddable":true,"href":"https:\/\/agora.xtec.cat\/esc-musica-parets\/wp-json\/wp\/v2\/categories?post=485"},{"taxonomy":"post_tag","embeddable":true,"href":"https:\/\/agora.xtec.cat\/esc-musica-parets\/wp-json\/wp\/v2\/tags?post=485"}],"curies":[{"name":"wp","href":"https:\/\/api.w.org\/{rel}","templated":true}]}}