{"id":481,"date":"2015-05-12T21:34:01","date_gmt":"2015-05-12T20:34:01","guid":{"rendered":"http:\/\/agora.xtec.cat\/esc-musica-parets\/general\/participacio-a-la-6a-gala-parets-contra-el-cancer\/"},"modified":"2016-07-11T14:38:34","modified_gmt":"2016-07-11T13:38:34","slug":"participacio-a-la-6a-gala-parets-contra-el-cancer","status":"publish","type":"post","link":"https:\/\/agora.xtec.cat\/esc-musica-parets\/general\/participacio-a-la-6a-gala-parets-contra-el-cancer\/","title":{"rendered":"Participaci\u00f3 a la 6a gala &#8216;Parets contra el c\u00e0ncer&#8217;"},"content":{"rendered":"<p><span style=\"font-size: 12pt;\">El proper dissabte 16 de maig, alumnes i professors\/es de l&#8217;escola municipal de m\u00fasica participaran a la 6a gala que organitza l&#8217;associaci\u00f3 &#8220;Parets contra el c\u00e0ncer&#8221; amb la finalitat de recaptar fons per a la lluita contra aquesta malaltia. L&#8217;acte que tindr\u00e0 lloc al teatre Can Rajoler a les 18h, comptar\u00e0 tamb\u00e9 amb actuacions d&#8217;altres centres culturals, musicals i de dansa del municipi. L&#8217;entrada de 5\u20ac es pot adquirir a la seu de l&#8217;associaci\u00f3<\/span><\/p>\n","protected":false},"excerpt":{"rendered":"<p>El proper dissabte 16 de maig, alumnes i professors\/es de l&#8217;escola municipal de m\u00fasica participaran a la 6a gala que organitza l&#8217;associaci\u00f3 &#8220;Parets contra el c\u00e0ncer&#8221; amb la finalitat de recaptar fons per a la lluita contra aquesta malaltia. L&#8217;acte que tindr\u00e0 lloc al teatre&hellip;  <a href=\"https:\/\/agora.xtec.cat\/esc-musica-parets\/general\/participacio-a-la-6a-gala-parets-contra-el-cancer\/\" title=\"Read Participaci\u00f3 a la 6a gala &#8216;Parets contra el c\u00e0ncer&#8217;\">Llegeix m\u00e9s\u00bb<\/a><\/p>\n","protected":false},"author":1,"featured_media":0,"comment_status":"open","ping_status":"open","sticky":false,"template":"","format":"standard","meta":{"_bbp_topic_count":0,"_bbp_reply_count":0,"_bbp_total_topic_count":0,"_bbp_total_reply_count":0,"_bbp_voice_count":0,"_bbp_anonymous_reply_count":0,"_bbp_topic_count_hidden":0,"_bbp_reply_count_hidden":0,"_bbp_forum_subforum_count":0,"footnotes":""},"categories":[1,29],"tags":[138,77],"class_list":["post-481","post","type-post","status-publish","format-standard","hentry","category-general","category-portada","tag-cancer","tag-noticies"],"post_mailing_queue_ids":[],"_links":{"self":[{"href":"https:\/\/agora.xtec.cat\/esc-musica-parets\/wp-json\/wp\/v2\/posts\/481","targetHints":{"allow":["GET"]}}],"collection":[{"href":"https:\/\/agora.xtec.cat\/esc-musica-parets\/wp-json\/wp\/v2\/posts"}],"about":[{"href":"https:\/\/agora.xtec.cat\/esc-musica-parets\/wp-json\/wp\/v2\/types\/post"}],"author":[{"embeddable":true,"href":"https:\/\/agora.xtec.cat\/esc-musica-parets\/wp-json\/wp\/v2\/users\/1"}],"replies":[{"embeddable":true,"href":"https:\/\/agora.xtec.cat\/esc-musica-parets\/wp-json\/wp\/v2\/comments?post=481"}],"version-history":[{"count":2,"href":"https:\/\/agora.xtec.cat\/esc-musica-parets\/wp-json\/wp\/v2\/posts\/481\/revisions"}],"predecessor-version":[{"id":1071,"href":"https:\/\/agora.xtec.cat\/esc-musica-parets\/wp-json\/wp\/v2\/posts\/481\/revisions\/1071"}],"wp:attachment":[{"href":"https:\/\/agora.xtec.cat\/esc-musica-parets\/wp-json\/wp\/v2\/media?parent=481"}],"wp:term":[{"taxonomy":"category","embeddable":true,"href":"https:\/\/agora.xtec.cat\/esc-musica-parets\/wp-json\/wp\/v2\/categories?post=481"},{"taxonomy":"post_tag","embeddable":true,"href":"https:\/\/agora.xtec.cat\/esc-musica-parets\/wp-json\/wp\/v2\/tags?post=481"}],"curies":[{"name":"wp","href":"https:\/\/api.w.org\/{rel}","templated":true}]}}