{"id":480,"date":"2015-05-01T11:36:36","date_gmt":"2015-05-01T10:36:36","guid":{"rendered":"http:\/\/agora.xtec.cat\/esc-musica-parets\/general\/primera-audicio-dels-alumnes-de-basic-1\/"},"modified":"2016-07-12T13:44:26","modified_gmt":"2016-07-12T12:44:26","slug":"primera-audicio-dels-alumnes-de-basic-1","status":"publish","type":"post","link":"https:\/\/agora.xtec.cat\/esc-musica-parets\/general\/primera-audicio-dels-alumnes-de-basic-1\/","title":{"rendered":"Primera audici\u00f3 p\u00fablica dels alumnes de B\u00e0sic 1"},"content":{"rendered":"<p><span style=\"font-size: 12pt;\"><a href=\"http:\/\/agora.xtec.cat\/esc-musica-parets\/wp-content\/uploads\/usu1283\/2016\/07\/Audicio_BASICS_1-2015.jpg\"><img loading=\"lazy\" decoding=\"async\" class=\"wp-image-998 aligncenter\" src=\"http:\/\/agora.xtec.cat\/esc-musica-parets\/wp-content\/uploads\/usu1283\/2016\/07\/Audicio_BASICS_1-2015-1024x868.jpg\" alt=\"Audicio_BASICS_1-2015\" width=\"535\" height=\"454\" srcset=\"https:\/\/agora.xtec.cat\/esc-musica-parets\/wp-content\/uploads\/usu1283\/2016\/07\/Audicio_BASICS_1-2015-1024x868.jpg 1024w, https:\/\/agora.xtec.cat\/esc-musica-parets\/wp-content\/uploads\/usu1283\/2016\/07\/Audicio_BASICS_1-2015-300x254.jpg 300w, https:\/\/agora.xtec.cat\/esc-musica-parets\/wp-content\/uploads\/usu1283\/2016\/07\/Audicio_BASICS_1-2015-768x651.jpg 768w, https:\/\/agora.xtec.cat\/esc-musica-parets\/wp-content\/uploads\/usu1283\/2016\/07\/Audicio_BASICS_1-2015.jpg 1752w\" sizes=\"auto, (max-width: 535px) 100vw, 535px\" \/><\/a><\/span><\/p>\n<p><span style=\"font-size: 12pt;\">Dimecres 29 de maig a les 18h, va tenir lloc l&#8217;audici\u00f3 d&#8217;instruments dels alumnes de B\u00e0sic 1, els alumnes que han comen\u00e7at l&#8217;estudi d&#8217;un instrument aquest curs i que s&#8217;enfrontaven per primera vegada a tocar al damunt d&#8217;un escenari i davant de p\u00fablic. Podriem dir que ha estat el seu &#8220;bateig musical&#8221;. Han estat intervencions breus per\u00f2 on s&#8217;han pogut escoltar coses molt interessants fruit de la feina feta al llarg d&#8217;aquests mesos de curs. Enhorabona a tots i a totes!!!<\/span><\/p>\n","protected":false},"excerpt":{"rendered":"<p><a href=\"http:\/\/agora.xtec.cat\/esc-musica-parets\/wp-content\/uploads\/usu1283\/2016\/07\/Audicio_BASICS_1-2015.jpg\"><\/a><br \/>\nDimecres 29 de maig a les 18h, va tenir lloc l&#8217;audici\u00f3 d&#8217;instruments dels alumnes de B\u00e0sic 1, els alumnes que han comen\u00e7at l&#8217;estudi d&#8217;un instrument aquest curs i que s&#8217;enfrontaven per primera vegada a tocar al damunt d&#8217;un escenari i davant de p\u00fablic. Podriem&hellip;  <a href=\"https:\/\/agora.xtec.cat\/esc-musica-parets\/general\/primera-audicio-dels-alumnes-de-basic-1\/\" title=\"Read Primera audici\u00f3 p\u00fablica dels alumnes de B\u00e0sic 1\">Llegeix m\u00e9s\u00bb<\/a><\/p>\n","protected":false},"author":1,"featured_media":998,"comment_status":"open","ping_status":"open","sticky":false,"template":"","format":"standard","meta":{"_bbp_topic_count":0,"_bbp_reply_count":0,"_bbp_total_topic_count":0,"_bbp_total_reply_count":0,"_bbp_voice_count":0,"_bbp_anonymous_reply_count":0,"_bbp_topic_count_hidden":0,"_bbp_reply_count_hidden":0,"_bbp_forum_subforum_count":0,"footnotes":""},"categories":[1,29],"tags":[100,77],"class_list":["post-480","post","type-post","status-publish","format-standard","has-post-thumbnail","hentry","category-general","category-portada","tag-audicions","tag-noticies"],"post_mailing_queue_ids":[],"_links":{"self":[{"href":"https:\/\/agora.xtec.cat\/esc-musica-parets\/wp-json\/wp\/v2\/posts\/480","targetHints":{"allow":["GET"]}}],"collection":[{"href":"https:\/\/agora.xtec.cat\/esc-musica-parets\/wp-json\/wp\/v2\/posts"}],"about":[{"href":"https:\/\/agora.xtec.cat\/esc-musica-parets\/wp-json\/wp\/v2\/types\/post"}],"author":[{"embeddable":true,"href":"https:\/\/agora.xtec.cat\/esc-musica-parets\/wp-json\/wp\/v2\/users\/1"}],"replies":[{"embeddable":true,"href":"https:\/\/agora.xtec.cat\/esc-musica-parets\/wp-json\/wp\/v2\/comments?post=480"}],"version-history":[{"count":3,"href":"https:\/\/agora.xtec.cat\/esc-musica-parets\/wp-json\/wp\/v2\/posts\/480\/revisions"}],"predecessor-version":[{"id":1099,"href":"https:\/\/agora.xtec.cat\/esc-musica-parets\/wp-json\/wp\/v2\/posts\/480\/revisions\/1099"}],"wp:featuredmedia":[{"embeddable":true,"href":"https:\/\/agora.xtec.cat\/esc-musica-parets\/wp-json\/wp\/v2\/media\/998"}],"wp:attachment":[{"href":"https:\/\/agora.xtec.cat\/esc-musica-parets\/wp-json\/wp\/v2\/media?parent=480"}],"wp:term":[{"taxonomy":"category","embeddable":true,"href":"https:\/\/agora.xtec.cat\/esc-musica-parets\/wp-json\/wp\/v2\/categories?post=480"},{"taxonomy":"post_tag","embeddable":true,"href":"https:\/\/agora.xtec.cat\/esc-musica-parets\/wp-json\/wp\/v2\/tags?post=480"}],"curies":[{"name":"wp","href":"https:\/\/api.w.org\/{rel}","templated":true}]}}