{"id":478,"date":"2015-03-27T10:58:20","date_gmt":"2015-03-27T09:58:20","guid":{"rendered":"http:\/\/agora.xtec.cat\/esc-musica-parets\/general\/lliurament-de-la-recaptacio-del-concert-solidari\/"},"modified":"2016-07-12T12:57:46","modified_gmt":"2016-07-12T11:57:46","slug":"lliurament-de-la-recaptacio-del-concert-solidari","status":"publish","type":"post","link":"https:\/\/agora.xtec.cat\/esc-musica-parets\/general\/lliurament-de-la-recaptacio-del-concert-solidari\/","title":{"rendered":"Lliurament de la recaptaci\u00f3 del Concert Solidari"},"content":{"rendered":"<p>Ahir dijous, es van lliurar als pares de la Cl\u00e0udia Espuny, els diners procedent dels donatius que va generar el <strong>concert solidari &#8220;Una oportunitat per a la Cl\u00e0udia&#8221;<\/strong> celebrat el passat dissabte 21 de mar\u00e7 al teatre Can Rajoler. A l&#8217;acte van assistir la mateixa Cl\u00e0udia aix\u00ed com els seus pares i tamb\u00e9 van ser presents alguns professors de l&#8217;escola de m\u00fasica. El concert que va ser tot un \u00e8xit de participaci\u00f3 ciutadana, va aconseguir recaptar un total de 2.400\u20ac en donatius que serviran per ajudar a la fam\u00edlia a costejar alguns dels tractaments que ha de fer la Cl\u00e0udia per a la seva recuperaci\u00f3. Durant l&#8217;acte, la Cl\u00e0udia va mostrar el seu inter\u00e9s en tornar a tocar la guitarra i des d&#8217;aqu\u00ed la encoratgem a que continui el seu proc\u00e9s de recuperaci\u00f3 i que, en un futur no gaire lluny\u00e0, pugui fer realitat els seus somnis. \u00c0nims Cl\u00e0udia!!!<\/p>\n","protected":false},"excerpt":{"rendered":"<p>Ahir dijous, es van lliurar als pares de la Cl\u00e0udia Espuny, els diners procedent dels donatius que va generar el concert solidari &#8220;Una oportunitat per a la Cl\u00e0udia&#8221; celebrat el passat dissabte 21 de mar\u00e7 al teatre Can Rajoler. A l&#8217;acte van assistir la mateixa&hellip;  <a href=\"https:\/\/agora.xtec.cat\/esc-musica-parets\/general\/lliurament-de-la-recaptacio-del-concert-solidari\/\" title=\"Read Lliurament de la recaptaci\u00f3 del Concert Solidari\">Llegeix m\u00e9s\u00bb<\/a><\/p>\n","protected":false},"author":1,"featured_media":0,"comment_status":"open","ping_status":"open","sticky":false,"template":"","format":"standard","meta":{"_bbp_topic_count":0,"_bbp_reply_count":0,"_bbp_total_topic_count":0,"_bbp_total_reply_count":0,"_bbp_voice_count":0,"_bbp_anonymous_reply_count":0,"_bbp_topic_count_hidden":0,"_bbp_reply_count_hidden":0,"_bbp_forum_subforum_count":0,"footnotes":""},"categories":[1,29],"tags":[77],"class_list":["post-478","post","type-post","status-publish","format-standard","hentry","category-general","category-portada","tag-noticies"],"post_mailing_queue_ids":[],"_links":{"self":[{"href":"https:\/\/agora.xtec.cat\/esc-musica-parets\/wp-json\/wp\/v2\/posts\/478","targetHints":{"allow":["GET"]}}],"collection":[{"href":"https:\/\/agora.xtec.cat\/esc-musica-parets\/wp-json\/wp\/v2\/posts"}],"about":[{"href":"https:\/\/agora.xtec.cat\/esc-musica-parets\/wp-json\/wp\/v2\/types\/post"}],"author":[{"embeddable":true,"href":"https:\/\/agora.xtec.cat\/esc-musica-parets\/wp-json\/wp\/v2\/users\/1"}],"replies":[{"embeddable":true,"href":"https:\/\/agora.xtec.cat\/esc-musica-parets\/wp-json\/wp\/v2\/comments?post=478"}],"version-history":[{"count":2,"href":"https:\/\/agora.xtec.cat\/esc-musica-parets\/wp-json\/wp\/v2\/posts\/478\/revisions"}],"predecessor-version":[{"id":1073,"href":"https:\/\/agora.xtec.cat\/esc-musica-parets\/wp-json\/wp\/v2\/posts\/478\/revisions\/1073"}],"wp:attachment":[{"href":"https:\/\/agora.xtec.cat\/esc-musica-parets\/wp-json\/wp\/v2\/media?parent=478"}],"wp:term":[{"taxonomy":"category","embeddable":true,"href":"https:\/\/agora.xtec.cat\/esc-musica-parets\/wp-json\/wp\/v2\/categories?post=478"},{"taxonomy":"post_tag","embeddable":true,"href":"https:\/\/agora.xtec.cat\/esc-musica-parets\/wp-json\/wp\/v2\/tags?post=478"}],"curies":[{"name":"wp","href":"https:\/\/api.w.org\/{rel}","templated":true}]}}