{"id":476,"date":"2015-03-16T11:19:02","date_gmt":"2015-03-16T10:19:02","guid":{"rendered":"http:\/\/agora.xtec.cat\/esc-musica-parets\/general\/concert-solidari-una-oportunitat-per-a-la-claudia\/"},"modified":"2016-07-12T12:59:33","modified_gmt":"2016-07-12T11:59:33","slug":"concert-solidari-una-oportunitat-per-a-la-claudia","status":"publish","type":"post","link":"https:\/\/agora.xtec.cat\/esc-musica-parets\/general\/concert-solidari-una-oportunitat-per-a-la-claudia\/","title":{"rendered":"Concert Solidari &#8216;Una oportunitat per a la Cl\u00e0udia&#8217;"},"content":{"rendered":"<p><img loading=\"lazy\" decoding=\"async\" src=\"http:\/\/agora.xtec.cat\/esc-musica-parets\/wp-content\/uploads\/usu1283\/2016\/07\/concert_claudia.jpg\" alt=\"\" width=\"248\" height=\"174\" \/><\/p>\n<p>El proper <strong>dissabte 21 de mar\u00e7 a les 18h<\/strong>, tindr\u00e0 lloc al teatre Can Rajoler el <strong>CONCERT SOLIDARI \u201cUna oportunitat per a la Cl\u00e0udia\u201d<\/strong>, en favor de la nostra alumna Cl\u00e0udia Espuny, qui va patir un greu atropellament de tr\u00e0nsit al gener de 2014.<\/p>\n<p>Al llarg d\u2019aquest temps, la Cl\u00e0udia i la seva fam\u00edlia han estat lluitant de valent i fent molts esfor\u00e7os per aconseguir superar les greus seq\u00fceles que li va deixar l\u2019accident. Algunes de les ter\u00e0pies que la poden ajudar, tenen uns costos molt elevats. L\u2019agost de l\u2019any passat, la fam\u00edlia de la Cl\u00e0udia va obrir un grup a la p\u00e0gina web de microdonatius Teaming.net (<a href=\"https:\/\/www.teaming.net\/unaoportunidadparaclaudia\">https:\/\/www.teaming.net\/unaoportunidadparaclaudia)<\/a> on la gent pot fer les seves aportacions i a la que encara us podeu afegir fent un donatiu d\u2019un euro al mes, en la que podem llegir el seg\u00fcent:<\/p>\n<p><em>\u201cLa meva germana Cl\u00e0udia t\u00e9 15 anys. Sempre ha estat molt alegre i activa, a m\u00e9s de ser una grand\u00edssima persona. El 27\/1\/14 va sofrir un fort atropellament que li ha causat una lesi\u00f3 cerebral molt greu (lesi\u00f3 axonal difusa). Despr\u00e9s d&#8217;estar en coma en la UCI i contra tot pron\u00f2stic, ha sobreviscut i comen\u00e7a a respondre. Per desgr\u00e0cia, les ter\u00e0pies p\u00fabliques que tant li estan ajudant acaben el 29\/8\/14, i tenen un cost tan alt que la nostra fam\u00edlia no podr\u00e0 assumir. Podeu ajudar-nos? Ella s\u2019ho mereix.<\/em><\/p>\n<p><em><em>Les aportacions van destinades a: Cadira de rodes, sessions d&#8217;hipoter\u00e0pia, fisioter\u00e0pia, sessions d&#8217;acupuntura, medicaci\u00f3 i aports nutricionals, aix\u00ed com altres materials i ter\u00e0pies que la Cl\u00e0udia necessita o pugui necessitar en un futur\u201d.<\/em><\/em><\/p>\n<p><em><em>Els professors i professores de l\u2019Escola Municipal de M\u00fasica ens volem solidaritzar amb la Cl\u00e0udia i la seva fam\u00edlia i, per aquest motiu, hem organitzat un <strong>CONCERT SOLIDARI<\/strong> en el que, a trav\u00e9s de donatius a partir de 5\u20ac, podreu gaudir d\u2019un concert en el que participarem els professors i professores a m\u00e9s d\u2019altres artistes que han volgut afegir-se per col\u00b7laborar amb aquesta causa. Els donatius que us donaran dret a l\u2019acc\u00e9s al teatre per a gaudir del concert, els podeu fer per avan\u00e7at a l\u2019escola de m\u00fasica o al teatre el mateix dia del concert. Us garantim que ser\u00e0 am\u00e8, variat i amb alguna que altra sorpresa.<\/em><\/em><\/p>\n","protected":false},"excerpt":{"rendered":"<p>El proper dissabte 21 de mar\u00e7 a les 18h, tindr\u00e0 lloc al teatre Can Rajoler el CONCERT SOLIDARI \u201cUna oportunitat per a la Cl\u00e0udia\u201d, en favor de la nostra alumna Cl\u00e0udia Espuny, qui va patir un greu atropellament de tr\u00e0nsit al gener de 2014.<br \/>\nAl llarg&hellip;  <a href=\"https:\/\/agora.xtec.cat\/esc-musica-parets\/general\/concert-solidari-una-oportunitat-per-a-la-claudia\/\" title=\"Read Concert Solidari &#8216;Una oportunitat per a la Cl\u00e0udia&#8217;\">Llegeix m\u00e9s\u00bb<\/a><\/p>\n","protected":false},"author":1,"featured_media":994,"comment_status":"open","ping_status":"open","sticky":false,"template":"","format":"standard","meta":{"_bbp_topic_count":0,"_bbp_reply_count":0,"_bbp_total_topic_count":0,"_bbp_total_reply_count":0,"_bbp_voice_count":0,"_bbp_anonymous_reply_count":0,"_bbp_topic_count_hidden":0,"_bbp_reply_count_hidden":0,"_bbp_forum_subforum_count":0,"footnotes":""},"categories":[1,29],"tags":[77],"class_list":["post-476","post","type-post","status-publish","format-standard","has-post-thumbnail","hentry","category-general","category-portada","tag-noticies"],"post_mailing_queue_ids":[],"_links":{"self":[{"href":"https:\/\/agora.xtec.cat\/esc-musica-parets\/wp-json\/wp\/v2\/posts\/476","targetHints":{"allow":["GET"]}}],"collection":[{"href":"https:\/\/agora.xtec.cat\/esc-musica-parets\/wp-json\/wp\/v2\/posts"}],"about":[{"href":"https:\/\/agora.xtec.cat\/esc-musica-parets\/wp-json\/wp\/v2\/types\/post"}],"author":[{"embeddable":true,"href":"https:\/\/agora.xtec.cat\/esc-musica-parets\/wp-json\/wp\/v2\/users\/1"}],"replies":[{"embeddable":true,"href":"https:\/\/agora.xtec.cat\/esc-musica-parets\/wp-json\/wp\/v2\/comments?post=476"}],"version-history":[{"count":3,"href":"https:\/\/agora.xtec.cat\/esc-musica-parets\/wp-json\/wp\/v2\/posts\/476\/revisions"}],"predecessor-version":[{"id":1074,"href":"https:\/\/agora.xtec.cat\/esc-musica-parets\/wp-json\/wp\/v2\/posts\/476\/revisions\/1074"}],"wp:featuredmedia":[{"embeddable":true,"href":"https:\/\/agora.xtec.cat\/esc-musica-parets\/wp-json\/wp\/v2\/media\/994"}],"wp:attachment":[{"href":"https:\/\/agora.xtec.cat\/esc-musica-parets\/wp-json\/wp\/v2\/media?parent=476"}],"wp:term":[{"taxonomy":"category","embeddable":true,"href":"https:\/\/agora.xtec.cat\/esc-musica-parets\/wp-json\/wp\/v2\/categories?post=476"},{"taxonomy":"post_tag","embeddable":true,"href":"https:\/\/agora.xtec.cat\/esc-musica-parets\/wp-json\/wp\/v2\/tags?post=476"}],"curies":[{"name":"wp","href":"https:\/\/api.w.org\/{rel}","templated":true}]}}