{"id":475,"date":"2015-02-19T11:21:03","date_gmt":"2015-02-19T10:21:03","guid":{"rendered":"http:\/\/agora.xtec.cat\/esc-musica-parets\/general\/nou-exit-de-participacio-a-la-15a-festa-dels-instrumentistes\/"},"modified":"2016-07-12T13:03:12","modified_gmt":"2016-07-12T12:03:12","slug":"nou-exit-de-participacio-a-la-15a-festa-dels-instrumentistes","status":"publish","type":"post","link":"https:\/\/agora.xtec.cat\/esc-musica-parets\/general\/nou-exit-de-participacio-a-la-15a-festa-dels-instrumentistes\/","title":{"rendered":"\u00c8xit de participaci\u00f3 a la 15a Festa dels Instrumentistes"},"content":{"rendered":"<p>Enguany, la FESTA DELS INSTRUMENTISTES ha complert 15 anys. Al igual que en edicions anteriors, la festa ha estat un \u00e8xit rotund, tant pel que fa a la participaci\u00f3 dels alumnes com de les seves fam\u00edlies. Les peces\u00a0 que es van poder escoltar en el tram central de la festa, muntades a primera hora de la tarda entre tots els alumnes de cada especialitat instrumental acompanyats i dirigits pels seus respectius professors\/es, va deixar palesa, un cop m\u00e9s, la voluntat i saber fer dels nostres alumnes. L&#8217;alcalde de Parets, Sr. Sergi Mingote, va lliurar els diplomes de final del nivell elemental als alumnes que van assolir-los durant els cursos 2012-13 i 2013-14. A la part final, va ser molt gratificant veure la participaci\u00f3 dels familiars en el CONCERT A TUTII\u00a0que, enguany, es va dedicar a la utilitzaci\u00f3 de tubs de pvc per fer m\u00fasica, elaborats de manera artesana per la pr\u00f2pia escola. Entre tots els assistents, grans i petits, v\u00e0rem poder tocar plegats una pe\u00e7a de Beethoven, un gran final per a una festa on la m\u00fasica \u00e9s el protagonista principal. Vint pastissos i set truites, tot d&#8217;una excel\u00b7lent qualitat i imaginaci\u00f3 van ser el colof\u00f3 per a una tarda sensacional. Moltes gr\u00e0cies a tots i totes!! <a title=\"Veure Not\u00edcia Vall\u00e8s Visi\u00f3\" href=\"https:\/\/youtu.be\/NGtHhenSGZ8?list=UUBlkldNqYZnOWFMLMYb2BvQ\"><strong>Veure noticia Vall\u00e8s Visi\u00f3<\/strong><\/a><\/p>\n","protected":false},"excerpt":{"rendered":"<p>Enguany, la FESTA DELS INSTRUMENTISTES ha complert 15 anys. Al igual que en edicions anteriors, la festa ha estat un \u00e8xit rotund, tant pel que fa a la participaci\u00f3 dels alumnes com de les seves fam\u00edlies. Les peces\u00a0 que es van poder escoltar en el&hellip;  <a href=\"https:\/\/agora.xtec.cat\/esc-musica-parets\/general\/nou-exit-de-participacio-a-la-15a-festa-dels-instrumentistes\/\" title=\"Read \u00c8xit de participaci\u00f3 a la 15a Festa dels Instrumentistes\">Llegeix m\u00e9s\u00bb<\/a><\/p>\n","protected":false},"author":1,"featured_media":0,"comment_status":"open","ping_status":"open","sticky":false,"template":"","format":"standard","meta":{"_bbp_topic_count":0,"_bbp_reply_count":0,"_bbp_total_topic_count":0,"_bbp_total_reply_count":0,"_bbp_voice_count":0,"_bbp_anonymous_reply_count":0,"_bbp_topic_count_hidden":0,"_bbp_reply_count_hidden":0,"_bbp_forum_subforum_count":0,"footnotes":""},"categories":[1,29],"tags":[122,139,77],"class_list":["post-475","post","type-post","status-publish","format-standard","hentry","category-general","category-portada","tag-festa-instrumentistes","tag-festes","tag-noticies"],"post_mailing_queue_ids":[],"_links":{"self":[{"href":"https:\/\/agora.xtec.cat\/esc-musica-parets\/wp-json\/wp\/v2\/posts\/475","targetHints":{"allow":["GET"]}}],"collection":[{"href":"https:\/\/agora.xtec.cat\/esc-musica-parets\/wp-json\/wp\/v2\/posts"}],"about":[{"href":"https:\/\/agora.xtec.cat\/esc-musica-parets\/wp-json\/wp\/v2\/types\/post"}],"author":[{"embeddable":true,"href":"https:\/\/agora.xtec.cat\/esc-musica-parets\/wp-json\/wp\/v2\/users\/1"}],"replies":[{"embeddable":true,"href":"https:\/\/agora.xtec.cat\/esc-musica-parets\/wp-json\/wp\/v2\/comments?post=475"}],"version-history":[{"count":2,"href":"https:\/\/agora.xtec.cat\/esc-musica-parets\/wp-json\/wp\/v2\/posts\/475\/revisions"}],"predecessor-version":[{"id":1076,"href":"https:\/\/agora.xtec.cat\/esc-musica-parets\/wp-json\/wp\/v2\/posts\/475\/revisions\/1076"}],"wp:attachment":[{"href":"https:\/\/agora.xtec.cat\/esc-musica-parets\/wp-json\/wp\/v2\/media?parent=475"}],"wp:term":[{"taxonomy":"category","embeddable":true,"href":"https:\/\/agora.xtec.cat\/esc-musica-parets\/wp-json\/wp\/v2\/categories?post=475"},{"taxonomy":"post_tag","embeddable":true,"href":"https:\/\/agora.xtec.cat\/esc-musica-parets\/wp-json\/wp\/v2\/tags?post=475"}],"curies":[{"name":"wp","href":"https:\/\/api.w.org\/{rel}","templated":true}]}}