{"id":472,"date":"2014-12-10T21:12:35","date_gmt":"2014-12-10T20:12:35","guid":{"rendered":"http:\/\/agora.xtec.cat\/esc-musica-parets\/general\/concert-solidari-a-la-residencia-davis-pedra-serrada-2\/"},"modified":"2016-07-12T13:46:16","modified_gmt":"2016-07-12T12:46:16","slug":"concert-solidari-a-la-residencia-davis-pedra-serrada-2","status":"publish","type":"post","link":"https:\/\/agora.xtec.cat\/esc-musica-parets\/general\/concert-solidari-a-la-residencia-davis-pedra-serrada-2\/","title":{"rendered":"Concert solidari a la resid\u00e8ncia d&#8217;avis Pedra Serrada"},"content":{"rendered":"<p><span style=\"font-size: 12pt;\"><a href=\"http:\/\/agora.xtec.cat\/esc-musica-parets\/wp-content\/uploads\/usu1283\/2016\/07\/IMG_20141209.jpg\"><img loading=\"lazy\" decoding=\"async\" class=\"alignnone size-full wp-image-990\" src=\"http:\/\/agora.xtec.cat\/esc-musica-parets\/wp-content\/uploads\/usu1283\/2016\/07\/IMG_20141209.jpg\" alt=\"IMG_20141209\" width=\"671\" height=\"489\" srcset=\"https:\/\/agora.xtec.cat\/esc-musica-parets\/wp-content\/uploads\/usu1283\/2016\/07\/IMG_20141209.jpg 671w, https:\/\/agora.xtec.cat\/esc-musica-parets\/wp-content\/uploads\/usu1283\/2016\/07\/IMG_20141209-300x219.jpg 300w\" sizes=\"auto, (max-width: 671px) 100vw, 671px\" \/><\/a><\/span><\/p>\n<p><span style=\"font-size: 12pt;\">El mes de desembre els alumnes de l&#8217;escola municipal de m\u00fasica faran un seguit de Concerts de Nadal per diferents espais del municipi. Dimarts passat, 9 de desembre, van actuar a la resid\u00e8ncia d&#8217;avis i \u00e0vies Pedra Serrada del nostre poble per tal d&#8217;amenitzar la tarda als residents. El quartet de saxos, l&#8217;orquestra de guitarres, l&#8217;orquestra de cambra i la coral infantil van oferir un repertori divers i ame que va provocar els aplaudiments del p\u00fablic. Aquest ja \u00e9s el tercer any consecutiu que l&#8217;escola municipal de m\u00fasica fa aquest tipus de concert pels avis i \u00e0vies.<\/span><\/p>\n","protected":false},"excerpt":{"rendered":"<p><a href=\"http:\/\/agora.xtec.cat\/esc-musica-parets\/wp-content\/uploads\/usu1283\/2016\/07\/IMG_20141209.jpg\"><\/a><br \/>\nEl mes de desembre els alumnes de l&#8217;escola municipal de m\u00fasica faran un seguit de Concerts de Nadal per diferents espais del municipi. Dimarts passat, 9 de desembre, van actuar a la resid\u00e8ncia d&#8217;avis i \u00e0vies Pedra Serrada del nostre poble per tal d&#8217;amenitzar&hellip;  <a href=\"https:\/\/agora.xtec.cat\/esc-musica-parets\/general\/concert-solidari-a-la-residencia-davis-pedra-serrada-2\/\" title=\"Read Concert solidari a la resid\u00e8ncia d&#8217;avis Pedra Serrada\">Llegeix m\u00e9s\u00bb<\/a><\/p>\n","protected":false},"author":1,"featured_media":990,"comment_status":"open","ping_status":"open","sticky":false,"template":"","format":"standard","meta":{"_bbp_topic_count":0,"_bbp_reply_count":0,"_bbp_total_topic_count":0,"_bbp_total_reply_count":0,"_bbp_voice_count":0,"_bbp_anonymous_reply_count":0,"_bbp_topic_count_hidden":0,"_bbp_reply_count_hidden":0,"_bbp_forum_subforum_count":0,"footnotes":""},"categories":[1,29],"tags":[133,77,135],"class_list":["post-472","post","type-post","status-publish","format-standard","has-post-thumbnail","hentry","category-general","category-portada","tag-nadal","tag-noticies","tag-residencia"],"post_mailing_queue_ids":[],"_links":{"self":[{"href":"https:\/\/agora.xtec.cat\/esc-musica-parets\/wp-json\/wp\/v2\/posts\/472","targetHints":{"allow":["GET"]}}],"collection":[{"href":"https:\/\/agora.xtec.cat\/esc-musica-parets\/wp-json\/wp\/v2\/posts"}],"about":[{"href":"https:\/\/agora.xtec.cat\/esc-musica-parets\/wp-json\/wp\/v2\/types\/post"}],"author":[{"embeddable":true,"href":"https:\/\/agora.xtec.cat\/esc-musica-parets\/wp-json\/wp\/v2\/users\/1"}],"replies":[{"embeddable":true,"href":"https:\/\/agora.xtec.cat\/esc-musica-parets\/wp-json\/wp\/v2\/comments?post=472"}],"version-history":[{"count":3,"href":"https:\/\/agora.xtec.cat\/esc-musica-parets\/wp-json\/wp\/v2\/posts\/472\/revisions"}],"predecessor-version":[{"id":1100,"href":"https:\/\/agora.xtec.cat\/esc-musica-parets\/wp-json\/wp\/v2\/posts\/472\/revisions\/1100"}],"wp:featuredmedia":[{"embeddable":true,"href":"https:\/\/agora.xtec.cat\/esc-musica-parets\/wp-json\/wp\/v2\/media\/990"}],"wp:attachment":[{"href":"https:\/\/agora.xtec.cat\/esc-musica-parets\/wp-json\/wp\/v2\/media?parent=472"}],"wp:term":[{"taxonomy":"category","embeddable":true,"href":"https:\/\/agora.xtec.cat\/esc-musica-parets\/wp-json\/wp\/v2\/categories?post=472"},{"taxonomy":"post_tag","embeddable":true,"href":"https:\/\/agora.xtec.cat\/esc-musica-parets\/wp-json\/wp\/v2\/tags?post=472"}],"curies":[{"name":"wp","href":"https:\/\/api.w.org\/{rel}","templated":true}]}}