{"id":468,"date":"2014-10-17T20:16:55","date_gmt":"2014-10-17T19:16:55","guid":{"rendered":"http:\/\/agora.xtec.cat\/esc-musica-parets\/general\/es-posa-en-marxa-el-projecte-canta-parets\/"},"modified":"2016-07-12T13:51:09","modified_gmt":"2016-07-12T12:51:09","slug":"es-posa-en-marxa-el-projecte-canta-parets","status":"publish","type":"post","link":"https:\/\/agora.xtec.cat\/esc-musica-parets\/general\/es-posa-en-marxa-el-projecte-canta-parets\/","title":{"rendered":"Es posa en marxa el projecte CANTA Parets!"},"content":{"rendered":"<p><a href=\"http:\/\/agora.xtec.cat\/esc-musica-parets\/wp-content\/uploads\/usu1283\/2016\/07\/CANTA_Parets.jpg\"><img loading=\"lazy\" decoding=\"async\" class=\"size-full wp-image-986 aligncenter\" src=\"http:\/\/agora.xtec.cat\/esc-musica-parets\/wp-content\/uploads\/usu1283\/2016\/07\/CANTA_Parets.jpg\" alt=\"CANTA_Parets\" width=\"523\" height=\"202\" srcset=\"https:\/\/agora.xtec.cat\/esc-musica-parets\/wp-content\/uploads\/usu1283\/2016\/07\/CANTA_Parets.jpg 523w, https:\/\/agora.xtec.cat\/esc-musica-parets\/wp-content\/uploads\/usu1283\/2016\/07\/CANTA_Parets-300x116.jpg 300w\" sizes=\"auto, (max-width: 523px) 100vw, 523px\" \/><\/a><\/p>\n<p>Despr\u00e9s de dos anys en comp\u00e0s d&#8217;espera, finalment aquest curs es posar\u00e0 en marxa el projecte <strong>CANTA Parets!<\/strong>, una proposta de l&#8217;escola municipal de m\u00fasica de Parets del Vall\u00e8s que t\u00e9 com a objectiu implicar a tots els alumnes de P-5 dels col\u00b7legis de Parets del Vall\u00e8s en una gran cantata, en la que els petits posaran les seves veus, i els alumnes i professors\/es de l&#8217;escola municipal de m\u00fasica posaran la m\u00fasica en directe. Amb aquest projecte es vol crear una activitat de poble, en el que la interacci\u00f3 entre els diferents centres educatius tinguin un nexe com\u00fa a trav\u00e9s de la m\u00fasica. El resultat d&#8217;aquest experi\u00e8ncia es podr\u00e0 veure i sentir al teatre Can Rajoler en el mes d&#8217;abril<\/p>\n","protected":false},"excerpt":{"rendered":"<p><a href=\"http:\/\/agora.xtec.cat\/esc-musica-parets\/wp-content\/uploads\/usu1283\/2016\/07\/CANTA_Parets.jpg\"><\/a><br \/>\nDespr\u00e9s de dos anys en comp\u00e0s d&#8217;espera, finalment aquest curs es posar\u00e0 en marxa el projecte CANTA Parets!, una proposta de l&#8217;escola municipal de m\u00fasica de Parets del Vall\u00e8s que t\u00e9 com a objectiu implicar a tots els alumnes de P-5 dels col\u00b7legis de&hellip;  <a href=\"https:\/\/agora.xtec.cat\/esc-musica-parets\/general\/es-posa-en-marxa-el-projecte-canta-parets\/\" title=\"Read Es posa en marxa el projecte CANTA Parets!\">Llegeix m\u00e9s\u00bb<\/a><\/p>\n","protected":false},"author":1,"featured_media":986,"comment_status":"open","ping_status":"open","sticky":false,"template":"","format":"standard","meta":{"_bbp_topic_count":0,"_bbp_reply_count":0,"_bbp_total_topic_count":0,"_bbp_total_reply_count":0,"_bbp_voice_count":0,"_bbp_anonymous_reply_count":0,"_bbp_topic_count_hidden":0,"_bbp_reply_count_hidden":0,"_bbp_forum_subforum_count":0,"footnotes":""},"categories":[1,29],"tags":[131,77],"class_list":["post-468","post","type-post","status-publish","format-standard","has-post-thumbnail","hentry","category-general","category-portada","tag-canta-parets","tag-noticies"],"post_mailing_queue_ids":[],"_links":{"self":[{"href":"https:\/\/agora.xtec.cat\/esc-musica-parets\/wp-json\/wp\/v2\/posts\/468","targetHints":{"allow":["GET"]}}],"collection":[{"href":"https:\/\/agora.xtec.cat\/esc-musica-parets\/wp-json\/wp\/v2\/posts"}],"about":[{"href":"https:\/\/agora.xtec.cat\/esc-musica-parets\/wp-json\/wp\/v2\/types\/post"}],"author":[{"embeddable":true,"href":"https:\/\/agora.xtec.cat\/esc-musica-parets\/wp-json\/wp\/v2\/users\/1"}],"replies":[{"embeddable":true,"href":"https:\/\/agora.xtec.cat\/esc-musica-parets\/wp-json\/wp\/v2\/comments?post=468"}],"version-history":[{"count":3,"href":"https:\/\/agora.xtec.cat\/esc-musica-parets\/wp-json\/wp\/v2\/posts\/468\/revisions"}],"predecessor-version":[{"id":1103,"href":"https:\/\/agora.xtec.cat\/esc-musica-parets\/wp-json\/wp\/v2\/posts\/468\/revisions\/1103"}],"wp:featuredmedia":[{"embeddable":true,"href":"https:\/\/agora.xtec.cat\/esc-musica-parets\/wp-json\/wp\/v2\/media\/986"}],"wp:attachment":[{"href":"https:\/\/agora.xtec.cat\/esc-musica-parets\/wp-json\/wp\/v2\/media?parent=468"}],"wp:term":[{"taxonomy":"category","embeddable":true,"href":"https:\/\/agora.xtec.cat\/esc-musica-parets\/wp-json\/wp\/v2\/categories?post=468"},{"taxonomy":"post_tag","embeddable":true,"href":"https:\/\/agora.xtec.cat\/esc-musica-parets\/wp-json\/wp\/v2\/tags?post=468"}],"curies":[{"name":"wp","href":"https:\/\/api.w.org\/{rel}","templated":true}]}}