{"id":465,"date":"2014-05-23T18:56:41","date_gmt":"2014-05-23T17:56:41","guid":{"rendered":"http:\/\/agora.xtec.cat\/esc-musica-parets\/general\/acaba-la-15a-setmana-cultural\/"},"modified":"2016-07-12T14:29:29","modified_gmt":"2016-07-12T13:29:29","slug":"acaba-la-15a-setmana-cultural","status":"publish","type":"post","link":"https:\/\/agora.xtec.cat\/esc-musica-parets\/general\/acaba-la-15a-setmana-cultural\/","title":{"rendered":"Balan\u00e7 positiu a la 15a Setmana Cultural"},"content":{"rendered":"<p>Un any m\u00e9s, la Setmana Cultural de l&#8217;escola municipal de m\u00fasica ha estat plena de tallers, activitats i concerts per a tothom. En la seva 15a edici\u00f3, la varietat en l&#8217;oferta ha estat l&#8217;aspecte m\u00e9s important a destacar. Hi han hagut, des de tallers pels m\u00e9s petits centrats en compositors cl\u00e0ssics o en l&#8217;obra &#8220;Pere i el llop&#8221; de Prokofiev, fins a activitats obertes a tota la poblaci\u00f3 com el concurs de sintonies de TV, el tel\u00e8fon musical de iogurt\u00a0 o les danses tradicionals catalanes amb m\u00fasica en directe a c\u00e0rrec dels professors del centre. Els capvespres han estat amenitzats amb diferents concerts, com el de &#8220;m\u00fasica i cinema&#8221; a c\u00e0rrec de professors del centre, el de l&#8217;orquestra de guitarres aix\u00ed com la presentaci\u00f3 del CD &#8220;No tengas miedo&#8221; compost i arranjat pel professor de bateria de l&#8217;escola Javi Herrera. Totes aquestes activitats han configurat el ventall de propostes a les que han pogut assistir tant els alumnes del centre i les seves fam\u00edlies com la poblaci\u00f3 de Parets en general. A m\u00e9s a m\u00e9s, enguany el concert que anualment fan els alumnes d&#8217;iniciaci\u00f3 musical, tamb\u00e9 es va incloure en els actes d&#8217;aquesta setmana cultural per q\u00fcestions de calendari, i van ser els encarregats de donar el tret de sortida al conjunt d&#8217;activitats. Dimecres es va fer la ja tradicional botifarrada en la que alumnes, fam\u00edlies i professors\/es tenen un punt de trobada al voltant d&#8217;un sopar de germanor. Un any m\u00e9s, agra\u00efm a tots i totes la participaci\u00f3 i col\u00b7laboraci\u00f3 en la nostra\/vostra setmana cultural.<\/p>\n","protected":false},"excerpt":{"rendered":"<p>Un any m\u00e9s, la Setmana Cultural de l&#8217;escola municipal de m\u00fasica ha estat plena de tallers, activitats i concerts per a tothom. En la seva 15a edici\u00f3, la varietat en l&#8217;oferta ha estat l&#8217;aspecte m\u00e9s important a destacar. Hi han hagut, des de tallers pels&hellip;  <a href=\"https:\/\/agora.xtec.cat\/esc-musica-parets\/general\/acaba-la-15a-setmana-cultural\/\" title=\"Read Balan\u00e7 positiu a la 15a Setmana Cultural\">Llegeix m\u00e9s\u00bb<\/a><\/p>\n","protected":false},"author":1,"featured_media":0,"comment_status":"open","ping_status":"open","sticky":false,"template":"","format":"standard","meta":{"_bbp_topic_count":0,"_bbp_reply_count":0,"_bbp_total_topic_count":0,"_bbp_total_reply_count":0,"_bbp_voice_count":0,"_bbp_anonymous_reply_count":0,"_bbp_topic_count_hidden":0,"_bbp_reply_count_hidden":0,"_bbp_forum_subforum_count":0,"footnotes":""},"categories":[1,29],"tags":[77,82],"class_list":["post-465","post","type-post","status-publish","format-standard","hentry","category-general","category-portada","tag-noticies","tag-set_cult"],"post_mailing_queue_ids":[],"_links":{"self":[{"href":"https:\/\/agora.xtec.cat\/esc-musica-parets\/wp-json\/wp\/v2\/posts\/465","targetHints":{"allow":["GET"]}}],"collection":[{"href":"https:\/\/agora.xtec.cat\/esc-musica-parets\/wp-json\/wp\/v2\/posts"}],"about":[{"href":"https:\/\/agora.xtec.cat\/esc-musica-parets\/wp-json\/wp\/v2\/types\/post"}],"author":[{"embeddable":true,"href":"https:\/\/agora.xtec.cat\/esc-musica-parets\/wp-json\/wp\/v2\/users\/1"}],"replies":[{"embeddable":true,"href":"https:\/\/agora.xtec.cat\/esc-musica-parets\/wp-json\/wp\/v2\/comments?post=465"}],"version-history":[{"count":3,"href":"https:\/\/agora.xtec.cat\/esc-musica-parets\/wp-json\/wp\/v2\/posts\/465\/revisions"}],"predecessor-version":[{"id":1106,"href":"https:\/\/agora.xtec.cat\/esc-musica-parets\/wp-json\/wp\/v2\/posts\/465\/revisions\/1106"}],"wp:attachment":[{"href":"https:\/\/agora.xtec.cat\/esc-musica-parets\/wp-json\/wp\/v2\/media?parent=465"}],"wp:term":[{"taxonomy":"category","embeddable":true,"href":"https:\/\/agora.xtec.cat\/esc-musica-parets\/wp-json\/wp\/v2\/categories?post=465"},{"taxonomy":"post_tag","embeddable":true,"href":"https:\/\/agora.xtec.cat\/esc-musica-parets\/wp-json\/wp\/v2\/tags?post=465"}],"curies":[{"name":"wp","href":"https:\/\/api.w.org\/{rel}","templated":true}]}}