{"id":462,"date":"2014-04-07T20:29:25","date_gmt":"2014-04-07T19:29:25","guid":{"rendered":"http:\/\/agora.xtec.cat\/esc-musica-parets\/general\/el-conjunt-de-saxos-al-parc-la-linera\/"},"modified":"2016-07-12T13:28:54","modified_gmt":"2016-07-12T12:28:54","slug":"el-conjunt-de-saxos-al-parc-la-linera","status":"publish","type":"post","link":"https:\/\/agora.xtec.cat\/esc-musica-parets\/general\/el-conjunt-de-saxos-al-parc-la-linera\/","title":{"rendered":"El conjunt de saxos al Parc la Linera"},"content":{"rendered":"<p>El passat diumenge 6 d&#8217;abril a les 13h, el conjunt de <strong>SAXOS<\/strong>, dirigits i acompanyats pel seu professor Ra\u00fal Pina, van actuar al Parc La Linera dins de la programaci\u00f3 de la <strong><span style=\"color: #0058ff;\">SETMANA DE LA SALUT<\/span><\/strong>, organitzada pel Servei d&#8217;Educaci\u00f3 de l&#8217;Ajuntament de Parets del Vall\u00e8s.<\/p>\n","protected":false},"excerpt":{"rendered":"<p>El passat diumenge 6 d&#8217;abril a les 13h, el conjunt de SAXOS, dirigits i acompanyats pel seu professor Ra\u00fal Pina, van actuar al Parc La Linera dins de la programaci\u00f3 de la SETMANA DE LA SALUT, organitzada pel Servei d&#8217;Educaci\u00f3 de l&#8217;Ajuntament de Parets del&hellip;  <a href=\"https:\/\/agora.xtec.cat\/esc-musica-parets\/general\/el-conjunt-de-saxos-al-parc-la-linera\/\" title=\"Read El conjunt de saxos al Parc la Linera\">Llegeix m\u00e9s\u00bb<\/a><\/p>\n","protected":false},"author":1,"featured_media":0,"comment_status":"open","ping_status":"open","sticky":false,"template":"","format":"standard","meta":{"_bbp_topic_count":0,"_bbp_reply_count":0,"_bbp_total_topic_count":0,"_bbp_total_reply_count":0,"_bbp_voice_count":0,"_bbp_anonymous_reply_count":0,"_bbp_topic_count_hidden":0,"_bbp_reply_count_hidden":0,"_bbp_forum_subforum_count":0,"footnotes":""},"categories":[1,29],"tags":[139,77,128],"class_list":["post-462","post","type-post","status-publish","format-standard","hentry","category-general","category-portada","tag-festes","tag-noticies","tag-saxos"],"post_mailing_queue_ids":[],"_links":{"self":[{"href":"https:\/\/agora.xtec.cat\/esc-musica-parets\/wp-json\/wp\/v2\/posts\/462","targetHints":{"allow":["GET"]}}],"collection":[{"href":"https:\/\/agora.xtec.cat\/esc-musica-parets\/wp-json\/wp\/v2\/posts"}],"about":[{"href":"https:\/\/agora.xtec.cat\/esc-musica-parets\/wp-json\/wp\/v2\/types\/post"}],"author":[{"embeddable":true,"href":"https:\/\/agora.xtec.cat\/esc-musica-parets\/wp-json\/wp\/v2\/users\/1"}],"replies":[{"embeddable":true,"href":"https:\/\/agora.xtec.cat\/esc-musica-parets\/wp-json\/wp\/v2\/comments?post=462"}],"version-history":[{"count":3,"href":"https:\/\/agora.xtec.cat\/esc-musica-parets\/wp-json\/wp\/v2\/posts\/462\/revisions"}],"predecessor-version":[{"id":1089,"href":"https:\/\/agora.xtec.cat\/esc-musica-parets\/wp-json\/wp\/v2\/posts\/462\/revisions\/1089"}],"wp:attachment":[{"href":"https:\/\/agora.xtec.cat\/esc-musica-parets\/wp-json\/wp\/v2\/media?parent=462"}],"wp:term":[{"taxonomy":"category","embeddable":true,"href":"https:\/\/agora.xtec.cat\/esc-musica-parets\/wp-json\/wp\/v2\/categories?post=462"},{"taxonomy":"post_tag","embeddable":true,"href":"https:\/\/agora.xtec.cat\/esc-musica-parets\/wp-json\/wp\/v2\/tags?post=462"}],"curies":[{"name":"wp","href":"https:\/\/api.w.org\/{rel}","templated":true}]}}